{"id":705,"date":"2018-05-01T15:12:48","date_gmt":"2018-05-01T15:12:48","guid":{"rendered":"http:\/\/sindicatos.cgtp.pt\/uniao-norte-alentejano\/?p=705"},"modified":"2018-05-01T15:12:48","modified_gmt":"2018-05-01T15:12:48","slug":"intervencao-da-dirigente-raquel-raimundo-do-cesp-em-representacao-da-interjovemcgtp-in-no-1o-de-maio-em-portalegre","status":"publish","type":"post","link":"https:\/\/sindicatos.cgtp.pt\/uniao-norte-alentejano\/2018\/05\/01\/intervencao-da-dirigente-raquel-raimundo-do-cesp-em-representacao-da-interjovemcgtp-in-no-1o-de-maio-em-portalegre\/","title":{"rendered":"Interven\u00e7\u00e3o da dirigente Raquel Raimundo, do CESP, em representa\u00e7\u00e3o da Interjovem\/CGTP-IN no 1\u00ba de Maio em Portalegre"},"content":{"rendered":"<p><a href=\"https:\/\/sindicatos.cgtp.pt\/uniao-norte-alentejano\/wp-content\/blogs.dir\/56\/files\/sites\/56\/2018\/05\/raquel-min.jpg\"><img loading=\"lazy\" decoding=\"async\" class=\"alignleft  wp-image-707\" alt=\"raquel-min\" src=\"https:\/\/sindicatos.cgtp.pt\/uniao-norte-alentejano\/wp-content\/blogs.dir\/56\/files\/sites\/56\/2018\/05\/raquel-min.jpg\" width=\"908\" height=\"864\" srcset=\"https:\/\/sindicatos.cgtp.pt\/uniao-norte-alentejano\/wp-content\/blogs.dir\/56\/files\/sites\/56\/2018\/05\/raquel-min.jpg 4201w, https:\/\/sindicatos.cgtp.pt\/uniao-norte-alentejano\/wp-content\/blogs.dir\/56\/files\/sites\/56\/2018\/05\/raquel-min-240x228.jpg 240w, https:\/\/sindicatos.cgtp.pt\/uniao-norte-alentejano\/wp-content\/blogs.dir\/56\/files\/sites\/56\/2018\/05\/raquel-min-800x761.jpg 800w\" sizes=\"auto, (max-width: 908px) 100vw, 908px\" \/><\/a>Bom dia camaradas,<\/p>\n<p>O 1\u00ba de Maio, dia internacional do trabalhador, \u00e9 um dia para lembrar o caminho de luta que nos trouxe at\u00e9 aqui e um dia para perspetivar o futuro. Para isto os jovens trabalhadores s\u00e3o fundamentais. Porque somos os mais afectados pela instabilidade no emprego, porque somos n\u00f3s a nova gera\u00e7\u00e3o de trabalhadores, somos os que come\u00e7am agora a ganhar a vida a trabalhar e somos n\u00f3s que por mais anos teremos oportunidade de moldar o futuro.<\/p>\n<p>Os jovens trabalhadores de hoje n\u00e3o s\u00e3o diferentes dos jovens trabalhadores de outrora. Temos as mesmas aspira\u00e7\u00f5es: a felicidade, a realiza\u00e7\u00e3o pessoal, a independ\u00eancia financeira. N\u00e3o somos millenials. N\u00e3o somos uma nova esp\u00e9cie de trabalhador que aproveita a precariedade para experimentar v\u00e1rias sa\u00eddas profissionais, n\u00e3o queremos deixar as nossas terras, n\u00e3o queremos ir trabalhar pelo sal\u00e1rio m\u00ednimo a centenas de quil\u00f3metros de casa. O que queremos \u00e9 c\u00e1 ficar, queremos que o territ\u00f3rio seja atrativo para n\u00f3s e sabemos que o que n\u00f3s queremos \u00e9 o que o nosso Alentejo precisa.<\/p>\n<p>N\u00f3s os jovens trabalhadores, os que ainda estudam, os que j\u00e1 sa\u00edram de casa dos pais, os que t\u00eam filhos pequenos, n\u00e3o queremos passar 14 horas fora de casa com hor\u00e1rios concentrados, a partilhar boleias com colegas para concelhos na outra ponta do distrito porque n\u00e3o h\u00e1 transportes p\u00fablicos; n\u00e3o queremos fazer o turno da noite durante 4 meses sem ver os nossos companheiros e filhos como acontece na CEPSA do grupo Autoalegre aqui em Portalegre; n\u00e3o queremos fazer sucessivos contratos de trabalho atrav\u00e9s de empresas de trabalho tempor\u00e1rio ou ficar 6 anos com contratos a prazo sem poder durante esse tempo comprar casa, ou carro, ou planear um futuro, como acontece aqui mesmo na Hutchinson ou no Intermarch\u00e9 e muitos outros; n\u00e3o queremos trabalhar por 580 euros porque isso n\u00e3o nos permite pagar as despesas e ser independentes.<\/p>\n<p>Queremos condi\u00e7\u00f5es de trabalho dignas! Exigimos a justa reparti\u00e7\u00e3o da riqueza, aumentos salariais, exigimos que a um posto de trabalho permanente corresponda um vinculo de trabalho efectivo, exigimos o direito constitucional \u00e0 contrata\u00e7\u00e3o colectiva. Juntos e organizados, todos os trabalhadores s\u00e3o invenc\u00edveis. Foram j\u00e1 centenas os trabalhadores prec\u00e1rios que foram integrados nos quadros das empresas e s\u00e3o j\u00e1 v\u00e1rias as empresas com um sal\u00e1rio m\u00ednimo superior a 600 Euros. N\u00e3o permitiremos que os r\u00f3tulos que nos colocam nos impe\u00e7am de tomar o futuro nas nossas m\u00e3os e vamos continuar a lutar pelo direito a viver e a trabalhar no Norte Alentejano.<\/p>\n<p>Vivam os jovens trabalhadores!<\/p>\n<p>Vivam os trabalhadores!<\/p>\n<p>Viva o 1\u00ba de Maio!<\/p>\n","protected":false},"excerpt":{"rendered":"<p>Bom dia camaradas, O 1\u00ba de Maio, dia internacional do trabalhador, \u00e9 um dia para lembrar o caminho de luta que nos trouxe at\u00e9 aqui e um dia para perspetivar o futuro. Para isto os jovens trabalhadores s\u00e3o fundamentais. Porque somos os mais afectados pela<\/p>\n","protected":false},"author":58,"featured_media":0,"comment_status":"closed","ping_status":"open","sticky":false,"template":"","format":"standard","meta":{"footnotes":""},"categories":[25,26],"tags":[],"class_list":["post-705","post","type-post","status-publish","format-standard","hentry","category-actualidade-e-luta","category-distrito"],"_links":{"self":[{"href":"https:\/\/sindicatos.cgtp.pt\/uniao-norte-alentejano\/wp-json\/wp\/v2\/posts\/705","targetHints":{"allow":["GET"]}}],"collection":[{"href":"https:\/\/sindicatos.cgtp.pt\/uniao-norte-alentejano\/wp-json\/wp\/v2\/posts"}],"about":[{"href":"https:\/\/sindicatos.cgtp.pt\/uniao-norte-alentejano\/wp-json\/wp\/v2\/types\/post"}],"author":[{"embeddable":true,"href":"https:\/\/sindicatos.cgtp.pt\/uniao-norte-alentejano\/wp-json\/wp\/v2\/users\/58"}],"replies":[{"embeddable":true,"href":"https:\/\/sindicatos.cgtp.pt\/uniao-norte-alentejano\/wp-json\/wp\/v2\/comments?post=705"}],"version-history":[{"count":5,"href":"https:\/\/sindicatos.cgtp.pt\/uniao-norte-alentejano\/wp-json\/wp\/v2\/posts\/705\/revisions"}],"predecessor-version":[{"id":711,"href":"https:\/\/sindicatos.cgtp.pt\/uniao-norte-alentejano\/wp-json\/wp\/v2\/posts\/705\/revisions\/711"}],"wp:attachment":[{"href":"https:\/\/sindicatos.cgtp.pt\/uniao-norte-alentejano\/wp-json\/wp\/v2\/media?parent=705"}],"wp:term":[{"taxonomy":"category","embeddable":true,"href":"https:\/\/sindicatos.cgtp.pt\/uniao-norte-alentejano\/wp-json\/wp\/v2\/categories?post=705"},{"taxonomy":"post_tag","embeddable":true,"href":"https:\/\/sindicatos.cgtp.pt\/uniao-norte-alentejano\/wp-json\/wp\/v2\/tags?post=705"}],"curies":[{"name":"wp","href":"https:\/\/api.w.org\/{rel}","templated":true}]}}