{"id":970,"date":"2019-06-03T13:40:38","date_gmt":"2019-06-03T13:40:38","guid":{"rendered":"http:\/\/sindicatos.cgtp.pt\/uniao-norte-alentejano\/?p=970"},"modified":"2019-06-03T13:48:06","modified_gmt":"2019-06-03T13:48:06","slug":"continua-a-negociacao-salarial-com-a-apcor","status":"publish","type":"post","link":"https:\/\/sindicatos.cgtp.pt\/uniao-norte-alentejano\/2019\/06\/03\/continua-a-negociacao-salarial-com-a-apcor\/","title":{"rendered":"Continua a negocia\u00e7\u00e3o salarial com a APCOR"},"content":{"rendered":"<p><a href=\"https:\/\/sindicatos.cgtp.pt\/uniao-norte-alentejano\/wp-content\/blogs.dir\/56\/files\/sites\/56\/2019\/06\/00012-min.jpg\"><img loading=\"lazy\" decoding=\"async\" class=\"alignleft  wp-image-975\" alt=\"0001(2)-min\" src=\"https:\/\/sindicatos.cgtp.pt\/uniao-norte-alentejano\/wp-content\/blogs.dir\/56\/files\/sites\/56\/2019\/06\/00012-min.jpg\" width=\"982\" height=\"1389\" srcset=\"https:\/\/sindicatos.cgtp.pt\/uniao-norte-alentejano\/wp-content\/blogs.dir\/56\/files\/sites\/56\/2019\/06\/00012-min.jpg 2481w, https:\/\/sindicatos.cgtp.pt\/uniao-norte-alentejano\/wp-content\/blogs.dir\/56\/files\/sites\/56\/2019\/06\/00012-min-169x240.jpg 169w, https:\/\/sindicatos.cgtp.pt\/uniao-norte-alentejano\/wp-content\/blogs.dir\/56\/files\/sites\/56\/2019\/06\/00012-min-565x800.jpg 565w\" sizes=\"auto, (max-width: 982px) 100vw, 982px\" \/><\/a><\/p>\n<p><a href=\"https:\/\/sindicatos.cgtp.pt\/uniao-norte-alentejano\/wp-content\/blogs.dir\/56\/files\/sites\/56\/2019\/06\/amorim_stccmmcs_31052019-min.jpg\"><img loading=\"lazy\" decoding=\"async\" class=\"alignleft  wp-image-962\" alt=\"amorim_stccmmcs_31052019-min\" src=\"https:\/\/sindicatos.cgtp.pt\/uniao-norte-alentejano\/wp-content\/blogs.dir\/56\/files\/sites\/56\/2019\/06\/amorim_stccmmcs_31052019-min.jpg\" width=\"1244\" height=\"1659\" srcset=\"https:\/\/sindicatos.cgtp.pt\/uniao-norte-alentejano\/wp-content\/blogs.dir\/56\/files\/sites\/56\/2019\/06\/amorim_stccmmcs_31052019-min.jpg 3456w, https:\/\/sindicatos.cgtp.pt\/uniao-norte-alentejano\/wp-content\/blogs.dir\/56\/files\/sites\/56\/2019\/06\/amorim_stccmmcs_31052019-min-180x240.jpg 180w, https:\/\/sindicatos.cgtp.pt\/uniao-norte-alentejano\/wp-content\/blogs.dir\/56\/files\/sites\/56\/2019\/06\/amorim_stccmmcs_31052019-min-600x800.jpg 600w\" sizes=\"auto, (max-width: 1244px) 100vw, 1244px\" \/><\/a>O STCCMCS \u2013 Sindicato dos Trabalhadores das Industrias de Cer\u00e2mica, Cimentos e Similares, Constru\u00e7\u00e3o, Madeiras, M\u00e1rmores e Corti\u00e7as do Sul e Regi\u00f5es Aut\u00f3nomas da CGTP-IN iniciou uma ac\u00e7\u00e3o de divulga\u00e7\u00e3o\u00a0do ponto de situa\u00e7\u00e3o da negocia\u00e7\u00e3o colectiva com a APCOR, junto dos trabalhadores corticeiros do nosso distrito.<\/p>\n<p>A APCOR \u00e9 a associa\u00e7\u00e3o patronal do sector da corti\u00e7a, dominada pelo grupo Amorim.<\/p>\n<p>Entre as v\u00e1rias posi\u00e7\u00f5es assumidas pelo sindicato, destacam-se os aumentos salariais de 3,25%, o aumento do subs\u00eddio de alimenta\u00e7\u00e3o para 6 Euros e as diturnidades. A APCOR contrap\u00f4s uma proposta de aumento salarial de 1,4%, um aumento do subs\u00eddio de alimenta\u00e7\u00e3o para 5,60 Euros e n\u00e3o aceita as diturnidades.<\/p>\n<p>O STCCMCS denuncia que, a mesma empresa que lidera as negocia\u00e7\u00f5es do sector, recusando uma diferen\u00e7a de 14 Euros por m\u00eas de aumento salarial, de 40 c\u00eantimos no subs\u00eddio de alimenta\u00e7\u00e3o e recusa o pagamento de diturnidades, regista lucros anuais de milh\u00f5es e continua a investir em obras cujo objectivo \u00e9 a publicidade de uma marca que vive da explora\u00e7\u00e3o da for\u00e7a de trabalho de centenas de trabalhadores.<\/p>\n<p>&nbsp;<\/p>\n","protected":false},"excerpt":{"rendered":"<p>O STCCMCS \u2013 Sindicato dos Trabalhadores das Industrias de Cer\u00e2mica, Cimentos e Similares, Constru\u00e7\u00e3o, Madeiras, M\u00e1rmores e Corti\u00e7as do Sul e Regi\u00f5es Aut\u00f3nomas da CGTP-IN iniciou uma ac\u00e7\u00e3o de divulga\u00e7\u00e3o\u00a0do ponto de situa\u00e7\u00e3o da negocia\u00e7\u00e3o colectiva com a APCOR, junto dos trabalhadores corticeiros do nosso<\/p>\n","protected":false},"author":58,"featured_media":0,"comment_status":"closed","ping_status":"open","sticky":false,"template":"","format":"standard","meta":{"footnotes":""},"categories":[25,26,1],"tags":[],"class_list":["post-970","post","type-post","status-publish","format-standard","hentry","category-actualidade-e-luta","category-distrito","category-noticias"],"_links":{"self":[{"href":"https:\/\/sindicatos.cgtp.pt\/uniao-norte-alentejano\/wp-json\/wp\/v2\/posts\/970","targetHints":{"allow":["GET"]}}],"collection":[{"href":"https:\/\/sindicatos.cgtp.pt\/uniao-norte-alentejano\/wp-json\/wp\/v2\/posts"}],"about":[{"href":"https:\/\/sindicatos.cgtp.pt\/uniao-norte-alentejano\/wp-json\/wp\/v2\/types\/post"}],"author":[{"embeddable":true,"href":"https:\/\/sindicatos.cgtp.pt\/uniao-norte-alentejano\/wp-json\/wp\/v2\/users\/58"}],"replies":[{"embeddable":true,"href":"https:\/\/sindicatos.cgtp.pt\/uniao-norte-alentejano\/wp-json\/wp\/v2\/comments?post=970"}],"version-history":[{"count":7,"href":"https:\/\/sindicatos.cgtp.pt\/uniao-norte-alentejano\/wp-json\/wp\/v2\/posts\/970\/revisions"}],"predecessor-version":[{"id":979,"href":"https:\/\/sindicatos.cgtp.pt\/uniao-norte-alentejano\/wp-json\/wp\/v2\/posts\/970\/revisions\/979"}],"wp:attachment":[{"href":"https:\/\/sindicatos.cgtp.pt\/uniao-norte-alentejano\/wp-json\/wp\/v2\/media?parent=970"}],"wp:term":[{"taxonomy":"category","embeddable":true,"href":"https:\/\/sindicatos.cgtp.pt\/uniao-norte-alentejano\/wp-json\/wp\/v2\/categories?post=970"},{"taxonomy":"post_tag","embeddable":true,"href":"https:\/\/sindicatos.cgtp.pt\/uniao-norte-alentejano\/wp-json\/wp\/v2\/tags?post=970"}],"curies":[{"name":"wp","href":"https:\/\/api.w.org\/{rel}","templated":true}]}}