{"id":1001,"date":"2014-09-02T14:21:54","date_gmt":"2014-09-02T14:21:54","guid":{"rendered":"http:\/\/sindicatos.cgtp.pt\/uniao-santarem\/?p=1001"},"modified":"2014-09-02T14:22:24","modified_gmt":"2014-09-02T14:22:24","slug":"uniao-dos-sindicatos-do-distrito-de-santarem-comemora-os-40-anos-do-25-de-abril","status":"publish","type":"post","link":"https:\/\/sindicatos.cgtp.pt\/uniao-santarem\/2014\/09\/02\/uniao-dos-sindicatos-do-distrito-de-santarem-comemora-os-40-anos-do-25-de-abril\/","title":{"rendered":"Uni\u00e3o dos Sindicatos do Distrito de Santar\u00e9m comemora os 40 anos do 25 de Abril"},"content":{"rendered":"<p style=\"text-align: justify\">A Revolu\u00e7\u00e3o do 25 de Abril de 1974 \u00e9 conquista maior do povo portugu\u00eas.<\/p>\n<p style=\"text-align: justify\">Revolu\u00e7\u00e3o que n\u00e3o se esgotou numa mera altern\u00e2ncia do poder pol\u00edtico, mas que abriu as portas ao povo portugu\u00eas para que este conquista-se um largo conjunto de direitos sociais, laborais e civilizacionais.<!--more--><\/p>\n<p style=\"text-align: justify\">O 25 de Abril tamb\u00e9m n\u00e3o se limitou ao dia em si, tendo nos anos subsequentes sido conquistados muitos direitos que em alguns casos se mant\u00eam at\u00e9 aos dias hoje.<\/p>\n<p style=\"text-align: justify\">Atendendo \u00e0 grandiosidade do significado da Revolu\u00e7\u00e3o de Abril e das suas conquistas, faz tamb\u00e9m sentido que as comemora\u00e7\u00f5es dos 40 anos do 25 de Abril n\u00e3o se limitem ao dia 25 de Abril em si, mas que se estendam at\u00e9 ao final de 2014.<\/p>\n<p style=\"text-align: justify\">Ciente do papel do Movimento Sindical Unit\u00e1rio na defesa dos direitos de Abril, a USS\/CGTP-IN vem promover no pr\u00f3ximo dia 12 de Setembro pelas 14h na Sala de Leitura Bernardo Santareno em Santar\u00e9m, o debate:\u00a0 \u00abAbril, Revolu\u00e7\u00e3o nos Direitos de Quem Trabalha\u00bb.<\/p>\n<p style=\"text-align: justify\">O debate, aberto ao p\u00fablico e para o qual foram convid\u00e1das a participar diversas colectividades do concelho de Santar\u00e9m, contar\u00e1 com a presen\u00e7a enquanto oradores, do Dr. Carlos Silva Santos ; Prof, da Escola Nacional de Sa\u00fade P\u00fablica, Arm\u00e9nio Carlos; Secret\u00e1rio- Geral da CGTP-IN e de Jo\u00e3o Baguinho; Comiss\u00e3o Organizadora das Comemora\u00e7\u00f5es dos 40 Anos da Reforma Agr\u00e1ria.<\/p>\n<p style=\"text-align: justify\">O Debate aberto a todos que queiram participar, ser\u00e1 certamente uma grande iniciativa que na tradi\u00e7\u00e3o do que j\u00e1 \u00e9 habitual no trabalho da USS\/CGTP-IN, ir\u00e1 n\u00e3o s\u00f3 relembrar as conquistas de Abril como ir\u00e1 afirmar a necessidade dos Valores e Conquistas de Abril no Futuro de Portugal.<\/p>\n","protected":false},"excerpt":{"rendered":"<p>A Revolu\u00e7\u00e3o do 25 de Abril de 1974 \u00e9 conquista maior do povo portugu\u00eas. Revolu\u00e7\u00e3o que n\u00e3o se esgotou numa mera altern\u00e2ncia do poder pol\u00edtico, mas que abriu as portas ao povo portugu\u00eas para que este conquista-se um largo conjunto de direitos sociais, laborais e<\/p>\n","protected":false},"author":30,"featured_media":1002,"comment_status":"open","ping_status":"open","sticky":false,"template":"","format":"standard","meta":{"footnotes":""},"categories":[4,2],"tags":[],"class_list":["post-1001","post","type-post","status-publish","format-standard","has-post-thumbnail","hentry","category-accao-sindical","category-destaques"],"_links":{"self":[{"href":"https:\/\/sindicatos.cgtp.pt\/uniao-santarem\/wp-json\/wp\/v2\/posts\/1001","targetHints":{"allow":["GET"]}}],"collection":[{"href":"https:\/\/sindicatos.cgtp.pt\/uniao-santarem\/wp-json\/wp\/v2\/posts"}],"about":[{"href":"https:\/\/sindicatos.cgtp.pt\/uniao-santarem\/wp-json\/wp\/v2\/types\/post"}],"author":[{"embeddable":true,"href":"https:\/\/sindicatos.cgtp.pt\/uniao-santarem\/wp-json\/wp\/v2\/users\/30"}],"replies":[{"embeddable":true,"href":"https:\/\/sindicatos.cgtp.pt\/uniao-santarem\/wp-json\/wp\/v2\/comments?post=1001"}],"version-history":[{"count":2,"href":"https:\/\/sindicatos.cgtp.pt\/uniao-santarem\/wp-json\/wp\/v2\/posts\/1001\/revisions"}],"predecessor-version":[{"id":1004,"href":"https:\/\/sindicatos.cgtp.pt\/uniao-santarem\/wp-json\/wp\/v2\/posts\/1001\/revisions\/1004"}],"wp:featuredmedia":[{"embeddable":true,"href":"https:\/\/sindicatos.cgtp.pt\/uniao-santarem\/wp-json\/wp\/v2\/media\/1002"}],"wp:attachment":[{"href":"https:\/\/sindicatos.cgtp.pt\/uniao-santarem\/wp-json\/wp\/v2\/media?parent=1001"}],"wp:term":[{"taxonomy":"category","embeddable":true,"href":"https:\/\/sindicatos.cgtp.pt\/uniao-santarem\/wp-json\/wp\/v2\/categories?post=1001"},{"taxonomy":"post_tag","embeddable":true,"href":"https:\/\/sindicatos.cgtp.pt\/uniao-santarem\/wp-json\/wp\/v2\/tags?post=1001"}],"curies":[{"name":"wp","href":"https:\/\/api.w.org\/{rel}","templated":true}]}}