{"id":1090,"date":"2014-09-19T10:08:13","date_gmt":"2014-09-19T10:08:13","guid":{"rendered":"http:\/\/sindicatos.cgtp.pt\/uniao-santarem\/?p=1090"},"modified":"2014-09-19T10:10:08","modified_gmt":"2014-09-19T10:10:08","slug":"usscgtp-in-vai-estar-no-forum-do-musp","status":"publish","type":"post","link":"https:\/\/sindicatos.cgtp.pt\/uniao-santarem\/2014\/09\/19\/usscgtp-in-vai-estar-no-forum-do-musp\/","title":{"rendered":"USS\/CGTP-IN vai estar no F\u00f3rum do MUSP"},"content":{"rendered":"<p style=\"text-align: justify\" align=\"center\">Este s\u00e1bado dia 20 de Setembro, o Movimento de Utentes de Servi\u00e7os P\u00fablicos de Santar\u00e9m, (MUSP) vai realizar pelas 14.30 h na Biblioteca Municipal de Tomar o F\u00f3rum &#8220;O<span style=\"color: #000000\"> presente e o futuro da presta\u00e7\u00e3o de cuidados de sa\u00fade no Distrito de Santar\u00e9m.<\/span><\/p>\n<p style=\"text-align: justify\" align=\"center\"><!--more-->Atendendo ao convite do MUSP de Santar\u00e9m e ao tema a USS\/CGTP-IN ir\u00e1 estar representada atrav\u00e9s de uma delega\u00e7\u00e3o e ir\u00e1 realizar uma interven\u00e7\u00e3o sobre o tema e a realidade dos trabalhadores do sector da sa\u00fade.<\/p>\n<p style=\"text-align: justify\" align=\"center\">Considera a USS\/CGTP-IN que \u00e9 cada vez mais necess\u00e1ria entre utentes e trabalhadores dos diversos servi\u00e7os p\u00fablicos, indiferentemente da sua profiss\u00e3o, para que seja poss\u00edvel defender condignamente os servi\u00e7os p\u00fablicos universais e de qualidade.<\/p>\n<p style=\"text-align: justify\" align=\"center\">Defender os servi\u00e7os p\u00fablicos \u00e9 tamb\u00e9m defender os direitos de quem neles trabalha e o 25 de Abril, sendo os servi\u00e7os p\u00fablicos uma das maiores conquistas da Revolu\u00e7\u00e3o.<\/p>\n<p style=\"text-align: justify\" align=\"center\">A USS\/CGTP-IN exalta ainda os trabalhadores do Servi\u00e7o Nacional de Sa\u00fade a participarem no for\u00fam do MUSP de Santar\u00e9m sobre as quest\u00f5es da sa\u00fade e a colaborarem em futuras lutas em defesa do SNS.<\/p>\n","protected":false},"excerpt":{"rendered":"<p>Este s\u00e1bado dia 20 de Setembro, o Movimento de Utentes de Servi\u00e7os P\u00fablicos de Santar\u00e9m, (MUSP) vai realizar pelas 14.30 h na Biblioteca Municipal de Tomar o F\u00f3rum &#8220;O presente e o futuro da presta\u00e7\u00e3o de cuidados de sa\u00fade no Distrito de Santar\u00e9m.<\/p>\n","protected":false},"author":30,"featured_media":922,"comment_status":"open","ping_status":"open","sticky":false,"template":"","format":"standard","meta":{"footnotes":""},"categories":[2,1],"tags":[],"class_list":["post-1090","post","type-post","status-publish","format-standard","has-post-thumbnail","hentry","category-destaques","category-noticias"],"_links":{"self":[{"href":"https:\/\/sindicatos.cgtp.pt\/uniao-santarem\/wp-json\/wp\/v2\/posts\/1090","targetHints":{"allow":["GET"]}}],"collection":[{"href":"https:\/\/sindicatos.cgtp.pt\/uniao-santarem\/wp-json\/wp\/v2\/posts"}],"about":[{"href":"https:\/\/sindicatos.cgtp.pt\/uniao-santarem\/wp-json\/wp\/v2\/types\/post"}],"author":[{"embeddable":true,"href":"https:\/\/sindicatos.cgtp.pt\/uniao-santarem\/wp-json\/wp\/v2\/users\/30"}],"replies":[{"embeddable":true,"href":"https:\/\/sindicatos.cgtp.pt\/uniao-santarem\/wp-json\/wp\/v2\/comments?post=1090"}],"version-history":[{"count":3,"href":"https:\/\/sindicatos.cgtp.pt\/uniao-santarem\/wp-json\/wp\/v2\/posts\/1090\/revisions"}],"predecessor-version":[{"id":1093,"href":"https:\/\/sindicatos.cgtp.pt\/uniao-santarem\/wp-json\/wp\/v2\/posts\/1090\/revisions\/1093"}],"wp:featuredmedia":[{"embeddable":true,"href":"https:\/\/sindicatos.cgtp.pt\/uniao-santarem\/wp-json\/wp\/v2\/media\/922"}],"wp:attachment":[{"href":"https:\/\/sindicatos.cgtp.pt\/uniao-santarem\/wp-json\/wp\/v2\/media?parent=1090"}],"wp:term":[{"taxonomy":"category","embeddable":true,"href":"https:\/\/sindicatos.cgtp.pt\/uniao-santarem\/wp-json\/wp\/v2\/categories?post=1090"},{"taxonomy":"post_tag","embeddable":true,"href":"https:\/\/sindicatos.cgtp.pt\/uniao-santarem\/wp-json\/wp\/v2\/tags?post=1090"}],"curies":[{"name":"wp","href":"https:\/\/api.w.org\/{rel}","templated":true}]}}