{"id":1104,"date":"2014-09-24T13:13:12","date_gmt":"2014-09-24T13:13:12","guid":{"rendered":"http:\/\/sindicatos.cgtp.pt\/uniao-santarem\/?p=1104"},"modified":"2014-09-24T13:42:43","modified_gmt":"2014-09-24T13:42:43","slug":"greve-dos-enfermeiros-adesao-em-peso-no-distrito-de-santarem","status":"publish","type":"post","link":"https:\/\/sindicatos.cgtp.pt\/uniao-santarem\/2014\/09\/24\/greve-dos-enfermeiros-adesao-em-peso-no-distrito-de-santarem\/","title":{"rendered":"Greve dos Enfermeiros; ades\u00e3o em peso no distrito de Santar\u00e9m"},"content":{"rendered":"<p style=\"text-align: justify\">Hoje, dia 24 de Setembro ocorre o primeiro de dois dias da greve nacional de enfermeiros convocada\u00a0 pelo Sindicato dos Enfermeiros Portugueses (SEP).<\/p>\n<p style=\"text-align: justify\"><!--more--><br \/>\nA greve que hoje teve in\u00edcio registou uma ades\u00e3o em peso por parte dos enfermeiros quer a n\u00edvel nacional quer a n\u00edvel do distrito de Santar\u00e9m.<\/p>\n<p style=\"text-align: justify\">De acordo com dados fornecidos pelo SEP e embora n\u00e3o estejam ainda contabilizadas todas as ades\u00f5es nos Centros de Sa\u00fade, no Hospital Distrital de Santar\u00e9m a ades\u00e3o dos enfermeiros \u00e0 greve foi de 85% e no Centro Hospitalar do M\u00e9dio Tejo a ades\u00e3o \u00e9 de 87%.<\/p>\n<p style=\"text-align: justify\">Esta greve surge como mais uma forma de luta desenvolvida pelo SEP e pelos enfermeiros portugueses contra o verdadeiro caos em que o actual governo PSD\/CDS est\u00e1 a tornar o Servi\u00e7o Nacional de Sa\u00fade e pela defesa da dignidade profissional que o mesmo governo insiste em procurar roubar aos enfermeiros e a outros profissionais da sa\u00fade.<\/p>\n<p style=\"text-align: justify\">Por via do ataque que o governo tem lan\u00e7ado \u00e0 dignidade dos enfermeiros e com objectivos claros de degradar o SNS, os enfermeiros hoje trabalham mais 1h por dia gratuitamente (40h), a precariedade e o desemprego s\u00e3o uma constante e os sal\u00e1rios s\u00e3o muito abaixo do que seria justo algum profissional que lida diariamente com o valor da vida humana auferir.<\/p>\n<p style=\"text-align: justify\">\u00c9 conveniente relembrar que hoje s\u00f3 o Hospital Distrital de Santar\u00e9m est\u00e1 a funcionar com menos 170 enfermeiros do que os necess\u00e1rio para as suas necessidades o que se traduz em ritmos de trabalho brutais e hor\u00e1rios por vezes acima das 190 horas mensais de trabalho para os enfermeiros.<\/p>\n<p style=\"text-align: justify\">O SEP tem vindo a alertar constantemente para o degradar do SNS e a forma como todos estes problemas contribuem para a degrada\u00e7\u00e3o dos cuidados prestados aos utentes, ainda assim a gravidade da situa\u00e7\u00e3o tem sido menorizada devido ao profissionalismo dos enfermeiros e \u00e0 sua responsabilidade e solidariedade com os utentes do SNS:<\/p>\n<p style=\"text-align: justify\">Estranhamente e embora seja conhecida a arrog\u00e2ncia do Ministro da Sa\u00fade, veio ontem o pr\u00f3prio insurgir-se contra a greve dos enfermeiros e classificar a greve como estando banalizada.<\/p>\n<p style=\"text-align: justify\">No entender da USS\/CGTP-IN o Sr. Ministro deveria estar mais preocupado em ele pr\u00f3prio e o restante governo cumprirem com a constitui\u00e7\u00e3o, nomeadamente no que diz respeito ao direito constitucional \u00e0 sa\u00fade e \u00e0 seguran\u00e7a no emprego.<\/p>\n<p style=\"text-align: justify\">Infelizmente o Sr. Ministro tem deixado bastante claro atrav\u00e9s do seu comportamento que se h\u00e1 algu\u00e9m que banaliza a Constitui\u00e7\u00e3o \u00e9 o pr\u00f3prio, a come\u00e7ar pelo facto de ter conhecimento que fazem falta 25 mil enfermeiros em todo o pa\u00eds e que o seu Minist\u00e9rio prop\u00f5e-se a contratar mil enfermeiros ao mesmo tempo que v\u00ea centenas de profissionais formados em Portugal a emigrarem.<\/p>\n<p style=\"text-align: justify\"><strong>A USS\/CGTP-IN considera que a ades\u00e3o \u00e0 greve por parte dos enfermeiros \u00e9 bastante expressiva e que por isso mesmo \u00e9 a resposta adequada ao Sr. Ministro da Sa\u00fade e restante governo.<\/strong><\/p>\n<p style=\"text-align: justify\"><strong>Sa\u00fada ainda o SEP e os enfermeiros do distrito de Santar\u00e9m e incentiva os enfermeiros para que se mantenham firmes na sua luta na defesa da dignidade da sua profiss\u00e3o e pela defesa do SNS e apela para que amanh\u00e3 participem na concentra\u00e7\u00e3o convocada pelo SEP para as 12.30h junto ao Minist\u00e9rio da Sa\u00fade.<\/strong><\/p>\n<p>&nbsp;<\/p>\n","protected":false},"excerpt":{"rendered":"<p>Hoje, dia 24 de Setembro ocorre o primeiro de dois dias da greve nacional de enfermeiros convocada\u00a0 pelo Sindicato dos Enfermeiros Portugueses (SEP).<\/p>\n","protected":false},"author":30,"featured_media":1105,"comment_status":"open","ping_status":"open","sticky":false,"template":"","format":"standard","meta":{"footnotes":""},"categories":[2,1],"tags":[],"class_list":["post-1104","post","type-post","status-publish","format-standard","has-post-thumbnail","hentry","category-destaques","category-noticias"],"_links":{"self":[{"href":"https:\/\/sindicatos.cgtp.pt\/uniao-santarem\/wp-json\/wp\/v2\/posts\/1104","targetHints":{"allow":["GET"]}}],"collection":[{"href":"https:\/\/sindicatos.cgtp.pt\/uniao-santarem\/wp-json\/wp\/v2\/posts"}],"about":[{"href":"https:\/\/sindicatos.cgtp.pt\/uniao-santarem\/wp-json\/wp\/v2\/types\/post"}],"author":[{"embeddable":true,"href":"https:\/\/sindicatos.cgtp.pt\/uniao-santarem\/wp-json\/wp\/v2\/users\/30"}],"replies":[{"embeddable":true,"href":"https:\/\/sindicatos.cgtp.pt\/uniao-santarem\/wp-json\/wp\/v2\/comments?post=1104"}],"version-history":[{"count":4,"href":"https:\/\/sindicatos.cgtp.pt\/uniao-santarem\/wp-json\/wp\/v2\/posts\/1104\/revisions"}],"predecessor-version":[{"id":1107,"href":"https:\/\/sindicatos.cgtp.pt\/uniao-santarem\/wp-json\/wp\/v2\/posts\/1104\/revisions\/1107"}],"wp:featuredmedia":[{"embeddable":true,"href":"https:\/\/sindicatos.cgtp.pt\/uniao-santarem\/wp-json\/wp\/v2\/media\/1105"}],"wp:attachment":[{"href":"https:\/\/sindicatos.cgtp.pt\/uniao-santarem\/wp-json\/wp\/v2\/media?parent=1104"}],"wp:term":[{"taxonomy":"category","embeddable":true,"href":"https:\/\/sindicatos.cgtp.pt\/uniao-santarem\/wp-json\/wp\/v2\/categories?post=1104"},{"taxonomy":"post_tag","embeddable":true,"href":"https:\/\/sindicatos.cgtp.pt\/uniao-santarem\/wp-json\/wp\/v2\/tags?post=1104"}],"curies":[{"name":"wp","href":"https:\/\/api.w.org\/{rel}","templated":true}]}}