{"id":1117,"date":"2014-10-01T22:08:03","date_gmt":"2014-10-01T22:08:03","guid":{"rendered":"http:\/\/sindicatos.cgtp.pt\/uniao-santarem\/?p=1117"},"modified":"2014-10-01T22:11:49","modified_gmt":"2014-10-01T22:11:49","slug":"44-anos-de-cgtp-in","status":"publish","type":"post","link":"https:\/\/sindicatos.cgtp.pt\/uniao-santarem\/2014\/10\/01\/44-anos-de-cgtp-in\/","title":{"rendered":"44 anos de CGTP-IN"},"content":{"rendered":"<p style=\"text-align: justify\">Faz hoje, dia 1 de Outubro 44 anos que foi criada a Confedera\u00e7\u00e3o Geral dos Trabalhadores Portugueses, que mais tarde e j\u00e1 p\u00f3s o 25 de Abril viria a ser considerada a Intersidical Nacional.<!--more-->S\u00e3o 44 anos marcados por lutas constantes na defesa dos direitos dos trabalhadores e na constru\u00e7\u00e3o de uma sociedade mais justa.<\/p>\n<p style=\"text-align: justify\">Central Sindical de classe dos trabalhadores portugueses, herdeira do passado de resist\u00eancia e luta dos trabalhadores e que atravessou o fascismo, o 25 de Abril com tudo o que trouxe de bom aos trabalhadores, enfretou as primeiras ondas do liberalismo econ\u00f3mico e que hoje continua a resistir e ainda hoje atrav\u00e9s dos seus sindicatos e da for\u00e7a dos trabalhadores, continua a conquistar direitos e a repor alguma justi\u00e7a social.<\/p>\n<p style=\"text-align: justify\">44 anos passaram, muitos homens e mulheres passaram pela CGTP-IN e muitos v\u00e3o certamente passar e continuar com a luta.<\/p>\n<p style=\"text-align: justify\">Obrigado aos homens e mulheres que lutam diariamente, obrigado CGTP-IN por seres um farol de esperan\u00e7a e confian\u00e7a mesmo nos tempos dificeis que hoje os trabalhadores est\u00e3o a enfrentar atrav\u00e9s derivada das politicas de direita.<\/p>\n<p style=\"text-align: justify\">Parab\u00e9ns e venham mais 44 anos!<\/p>\n<p style=\"text-align: center\"><iframe loading=\"lazy\" width=\"425\" height=\"344\" src=\"http:\/\/www.youtube.com\/embed\/u_B4Hj1si_4?wmode=transparent\" frameborder=\"0\" allowfullscreen> <\/iframe><\/p>\n<p>&nbsp;<\/p>\n","protected":false},"excerpt":{"rendered":"<p>Faz hoje, dia 1 de Outubro 44 anos que foi criada a Confedera\u00e7\u00e3o Geral dos Trabalhadores Portugueses, que mais tarde e j\u00e1 p\u00f3s o 25 de Abril viria a ser considerada a Intersidical Nacional.<\/p>\n","protected":false},"author":30,"featured_media":1118,"comment_status":"open","ping_status":"open","sticky":false,"template":"","format":"standard","meta":{"footnotes":""},"categories":[2,1],"tags":[],"class_list":["post-1117","post","type-post","status-publish","format-standard","has-post-thumbnail","hentry","category-destaques","category-noticias"],"_links":{"self":[{"href":"https:\/\/sindicatos.cgtp.pt\/uniao-santarem\/wp-json\/wp\/v2\/posts\/1117","targetHints":{"allow":["GET"]}}],"collection":[{"href":"https:\/\/sindicatos.cgtp.pt\/uniao-santarem\/wp-json\/wp\/v2\/posts"}],"about":[{"href":"https:\/\/sindicatos.cgtp.pt\/uniao-santarem\/wp-json\/wp\/v2\/types\/post"}],"author":[{"embeddable":true,"href":"https:\/\/sindicatos.cgtp.pt\/uniao-santarem\/wp-json\/wp\/v2\/users\/30"}],"replies":[{"embeddable":true,"href":"https:\/\/sindicatos.cgtp.pt\/uniao-santarem\/wp-json\/wp\/v2\/comments?post=1117"}],"version-history":[{"count":5,"href":"https:\/\/sindicatos.cgtp.pt\/uniao-santarem\/wp-json\/wp\/v2\/posts\/1117\/revisions"}],"predecessor-version":[{"id":1123,"href":"https:\/\/sindicatos.cgtp.pt\/uniao-santarem\/wp-json\/wp\/v2\/posts\/1117\/revisions\/1123"}],"wp:featuredmedia":[{"embeddable":true,"href":"https:\/\/sindicatos.cgtp.pt\/uniao-santarem\/wp-json\/wp\/v2\/media\/1118"}],"wp:attachment":[{"href":"https:\/\/sindicatos.cgtp.pt\/uniao-santarem\/wp-json\/wp\/v2\/media?parent=1117"}],"wp:term":[{"taxonomy":"category","embeddable":true,"href":"https:\/\/sindicatos.cgtp.pt\/uniao-santarem\/wp-json\/wp\/v2\/categories?post=1117"},{"taxonomy":"post_tag","embeddable":true,"href":"https:\/\/sindicatos.cgtp.pt\/uniao-santarem\/wp-json\/wp\/v2\/tags?post=1117"}],"curies":[{"name":"wp","href":"https:\/\/api.w.org\/{rel}","templated":true}]}}