{"id":1125,"date":"2014-10-13T13:38:43","date_gmt":"2014-10-13T13:38:43","guid":{"rendered":"http:\/\/sindicatos.cgtp.pt\/uniao-santarem\/?p=1125"},"modified":"2014-10-13T14:13:53","modified_gmt":"2014-10-13T14:13:53","slug":"43-anos-a-construir-a-igualdade-entre-mulheres-e-homens","status":"publish","type":"post","link":"https:\/\/sindicatos.cgtp.pt\/uniao-santarem\/2014\/10\/13\/43-anos-a-construir-a-igualdade-entre-mulheres-e-homens\/","title":{"rendered":"43 Anos a Construir a Igualdade entre Mulheres e Homens"},"content":{"rendered":"<p style=\"text-align: justify\">No \u00e2mbito do 40\u00ba anivers\u00e1rio do 25 de Abril e do 1\u00ba de Maio em liberdade, a Uni\u00e3o dos Sindicatos do Distrito de Santar\u00e9m vai apresentar o<strong> livro &#8220;43 Anos a Construir a Igualdade entre Mulheres e Homens- 1970- 2013&#8221;, no pr\u00f3ximo dia 5 de Novembro, pelas 17 horas, <!--more-->nas suas instala\u00e7\u00f5es na Estrada de S\u00e3o Domingos, r\/c esq.- Santar\u00e9m.<\/strong><\/p>\n<p style=\"text-align: justify\">A apresenta\u00e7\u00e3o do livro contar\u00e9 com a presen\u00e7a de uma das entrevistadas, Deolinda Machado da Comiss\u00e3o Executiva da CGTP-IN e de Cristina Tom\u00e9, membro da CIMH da CGTP-IN.<\/p>\n<p style=\"text-align: justify\">A apresenta\u00e7\u00e3o \u00e9 aberta ao p\u00fablico, estando na mesma disponiveis exemplares do livro com um desconto especial de lan\u00e7amento.<\/p>\n<p style=\"text-align: justify\">A USS\/CGTP-IN convida os camaradas, amigos e companheiros de luta para a apresenta\u00e7\u00e3o do livro e acredita que este ser\u00e1 um bom momento de conv\u00edvio e valoriza\u00e7\u00e3o da luta das trabalhadoras e trabalhadores do distrito de Santar\u00e9m.<\/p>\n<p style=\"text-align: center\">\n","protected":false},"excerpt":{"rendered":"<p>No \u00e2mbito do 40\u00ba anivers\u00e1rio do 25 de Abril e do 1\u00ba de Maio em liberdade, a Uni\u00e3o dos Sindicatos do Distrito de Santar\u00e9m vai apresentar o livro &#8220;43 Anos a Construir a Igualdade entre Mulheres e Homens- 1970- 2013&#8221;, no pr\u00f3ximo dia 5 de<\/p>\n","protected":false},"author":30,"featured_media":0,"comment_status":"open","ping_status":"open","sticky":false,"template":"","format":"standard","meta":{"footnotes":""},"categories":[2,1],"tags":[],"class_list":["post-1125","post","type-post","status-publish","format-standard","hentry","category-destaques","category-noticias"],"_links":{"self":[{"href":"https:\/\/sindicatos.cgtp.pt\/uniao-santarem\/wp-json\/wp\/v2\/posts\/1125","targetHints":{"allow":["GET"]}}],"collection":[{"href":"https:\/\/sindicatos.cgtp.pt\/uniao-santarem\/wp-json\/wp\/v2\/posts"}],"about":[{"href":"https:\/\/sindicatos.cgtp.pt\/uniao-santarem\/wp-json\/wp\/v2\/types\/post"}],"author":[{"embeddable":true,"href":"https:\/\/sindicatos.cgtp.pt\/uniao-santarem\/wp-json\/wp\/v2\/users\/30"}],"replies":[{"embeddable":true,"href":"https:\/\/sindicatos.cgtp.pt\/uniao-santarem\/wp-json\/wp\/v2\/comments?post=1125"}],"version-history":[{"count":6,"href":"https:\/\/sindicatos.cgtp.pt\/uniao-santarem\/wp-json\/wp\/v2\/posts\/1125\/revisions"}],"predecessor-version":[{"id":1136,"href":"https:\/\/sindicatos.cgtp.pt\/uniao-santarem\/wp-json\/wp\/v2\/posts\/1125\/revisions\/1136"}],"wp:attachment":[{"href":"https:\/\/sindicatos.cgtp.pt\/uniao-santarem\/wp-json\/wp\/v2\/media?parent=1125"}],"wp:term":[{"taxonomy":"category","embeddable":true,"href":"https:\/\/sindicatos.cgtp.pt\/uniao-santarem\/wp-json\/wp\/v2\/categories?post=1125"},{"taxonomy":"post_tag","embeddable":true,"href":"https:\/\/sindicatos.cgtp.pt\/uniao-santarem\/wp-json\/wp\/v2\/tags?post=1125"}],"curies":[{"name":"wp","href":"https:\/\/api.w.org\/{rel}","templated":true}]}}