{"id":1286,"date":"2015-04-01T23:15:05","date_gmt":"2015-04-01T23:15:05","guid":{"rendered":"http:\/\/sindicatos.cgtp.pt\/uniao-santarem\/?p=1286"},"modified":"2015-04-01T23:15:05","modified_gmt":"2015-04-01T23:15:05","slug":"trabalhadores-da-renoldy-reafirmam-oposicao-a-lay-off","status":"publish","type":"post","link":"https:\/\/sindicatos.cgtp.pt\/uniao-santarem\/2015\/04\/01\/trabalhadores-da-renoldy-reafirmam-oposicao-a-lay-off\/","title":{"rendered":"Trabalhadores da Renoldy reafirmam oposi\u00e7\u00e3o a lay-off"},"content":{"rendered":"<p style=\"text-align: justify\">Esta tarde, dia 1 de Abril, os trabalhadores da Renoldy S.A, f\u00e1brica de produ\u00e7\u00e3o e embalamento de leite situada em Alpiar\u00e7a, voltaram a reafirmar a sua oposi\u00e7\u00e3o \u00e0 inten\u00e7\u00e3o da empresa em aplicar o regime de lay-off.<!--more--><\/p>\n<p style=\"text-align: justify\">\n<p style=\"text-align: justify\">Pelas 16 horas os trabalhadores reuniram em plen\u00e1rio com dirigentes do Sindicato dos Trabalhadores da Agricultura e das Industrias da Alimenta\u00e7\u00e3o, Tabacos e Bebidas de Portugal (SINTAB) e da Uni\u00e3o dos Sindicatos do Distrito de Santar\u00e9m (USS\/CGTP-IN), tendo no final da reuni\u00e3o sido avan\u00e7adas como conclus\u00f5es a reafirma\u00e7\u00e3o da oposi\u00e7\u00e3o dos trabalhadores ao lay-off anunciado pela administra\u00e7\u00e3o da empresa, assim como a sua vontade de preservar e defender os 60 postos de trabalho.<\/p>\n<p style=\"text-align: justify\">No plen\u00e1rio foi ainda abordado a forma &#8220;ilegal&#8221; e desleal com que a administra\u00e7\u00e3o est\u00e1 a tentar impor o lay-off, sendo do entendimento dos presentes que o processo deve ser acompanhado pelo SINTAB e que devem ser dados esclarecimentos sobre a actual situa\u00e7\u00e3o financeira e as suas causas.<\/p>\n<p style=\"text-align: justify\">No plen\u00e1rio participou ainda o Presidente da C\u00e2mara Municipal de Alpiar\u00e7a, M\u00e1rio Pereira e o vereador, Jo\u00e3o Pedro Arraiolos, que deram conta da sua solidariedade com a luta pela manuten\u00e7\u00e3o de postos de trabalho e da reuni\u00e3o realizada entre o Presidente da C\u00e2mara e o Secret\u00e1rio de Estado da Ec\u00f3nomia.<\/p>\n<p style=\"text-align: justify\">No final do plen\u00e1rio os trabalhadores deslocaram-se at\u00e9 ao port\u00e3o da Renoldy onde realizaram um pequeno protesto com vista a manifestar o seu descontentamento com a instabilidade que o alegado lay-off est\u00e1 a suscitar e a alertar a popula\u00e7\u00e3o do concelho de Alpiar\u00e7a para a necessidade de manter a Renoldy a funcionar.<\/p>\n","protected":false},"excerpt":{"rendered":"<p>Esta tarde, dia 1 de Abril, os trabalhadores da Renoldy S.A, f\u00e1brica de produ\u00e7\u00e3o e embalamento de leite situada em Alpiar\u00e7a, voltaram a reafirmar a sua oposi\u00e7\u00e3o \u00e0 inten\u00e7\u00e3o da empresa em aplicar o regime de lay-off.<\/p>\n","protected":false},"author":30,"featured_media":1287,"comment_status":"open","ping_status":"open","sticky":false,"template":"","format":"standard","meta":{"footnotes":""},"categories":[2,1],"tags":[],"class_list":["post-1286","post","type-post","status-publish","format-standard","has-post-thumbnail","hentry","category-destaques","category-noticias"],"_links":{"self":[{"href":"https:\/\/sindicatos.cgtp.pt\/uniao-santarem\/wp-json\/wp\/v2\/posts\/1286","targetHints":{"allow":["GET"]}}],"collection":[{"href":"https:\/\/sindicatos.cgtp.pt\/uniao-santarem\/wp-json\/wp\/v2\/posts"}],"about":[{"href":"https:\/\/sindicatos.cgtp.pt\/uniao-santarem\/wp-json\/wp\/v2\/types\/post"}],"author":[{"embeddable":true,"href":"https:\/\/sindicatos.cgtp.pt\/uniao-santarem\/wp-json\/wp\/v2\/users\/30"}],"replies":[{"embeddable":true,"href":"https:\/\/sindicatos.cgtp.pt\/uniao-santarem\/wp-json\/wp\/v2\/comments?post=1286"}],"version-history":[{"count":1,"href":"https:\/\/sindicatos.cgtp.pt\/uniao-santarem\/wp-json\/wp\/v2\/posts\/1286\/revisions"}],"predecessor-version":[{"id":1288,"href":"https:\/\/sindicatos.cgtp.pt\/uniao-santarem\/wp-json\/wp\/v2\/posts\/1286\/revisions\/1288"}],"wp:featuredmedia":[{"embeddable":true,"href":"https:\/\/sindicatos.cgtp.pt\/uniao-santarem\/wp-json\/wp\/v2\/media\/1287"}],"wp:attachment":[{"href":"https:\/\/sindicatos.cgtp.pt\/uniao-santarem\/wp-json\/wp\/v2\/media?parent=1286"}],"wp:term":[{"taxonomy":"category","embeddable":true,"href":"https:\/\/sindicatos.cgtp.pt\/uniao-santarem\/wp-json\/wp\/v2\/categories?post=1286"},{"taxonomy":"post_tag","embeddable":true,"href":"https:\/\/sindicatos.cgtp.pt\/uniao-santarem\/wp-json\/wp\/v2\/tags?post=1286"}],"curies":[{"name":"wp","href":"https:\/\/api.w.org\/{rel}","templated":true}]}}