{"id":1497,"date":"2016-04-19T20:55:29","date_gmt":"2016-04-19T20:55:29","guid":{"rendered":"http:\/\/sindicatos.cgtp.pt\/uniao-santarem\/?p=1497"},"modified":"2016-04-19T20:56:19","modified_gmt":"2016-04-19T20:56:19","slug":"lista-a-vence-eleicoes-para-a-direcao-do-siesi","status":"publish","type":"post","link":"https:\/\/sindicatos.cgtp.pt\/uniao-santarem\/2016\/04\/19\/lista-a-vence-eleicoes-para-a-direcao-do-siesi\/","title":{"rendered":"Lista A vence elei\u00e7\u00f5es para a Dire\u00e7\u00e3o do SIESI"},"content":{"rendered":"<p style=\"text-align: center\"><b>Elevada participa\u00e7\u00e3o e op\u00e7\u00e3o clara<\/b><br \/>\n<b>O caminho \u00e9 a Unidade e Firmeza<\/b><\/p>\n<p style=\"text-align: justify\">Nos dias 13 e 14 de Abril realizaram-se as elei\u00e7\u00f5es para os \u00f3rg\u00e3os sociais do Sindicato das Ind\u00fastrias El\u00e9ctricas do Sul e Ilhas registando-se a significativa participa\u00e7\u00e3o de 2.648 s\u00f3cios.<!--more--><\/p>\n<p style=\"text-align: justify\"><b>A lista A obteve 1.780 votos ( 67%) <\/b>e a Lista B 814 votos (31%). Este resultado demonstra uma op\u00e7\u00e3o clara dos trabalhadores. A Mesa da Assembleia Geral do SIESI valoriza a forma como decorreu o processo eleitoral, a elevada participa\u00e7\u00e3o dos associados e o empenho de dezenas de dirigentes e ativistas sindicais que permitiram o funcionamento de mais de 80 mesas de voto nas empresas e locais de trabalho.<\/p>\n<p style=\"text-align: justify\">Apurados os resultados, o caminho \u00e9 a Unidade e Firmeza de todos na a\u00e7\u00e3o nas empresas e locais de trabalho, na organiza\u00e7\u00e3o da defesa dos direitos e aspira\u00e7\u00f5es coletivas e individuais dos trabalhadores, da contrata\u00e7\u00e3o coletiva, dos sal\u00e1rios, da regulamenta\u00e7\u00e3o dos hor\u00e1rios de trabalho e do combate \u00e0 precariedade. O refor\u00e7o do sindicato com mais sindicaliza\u00e7\u00e3o, mais e melhor organiza\u00e7\u00e3o de base, mais interven\u00e7\u00e3o, enfim, mais for\u00e7a organizada dos trabalhadores e mais a\u00e7\u00e3o reivindicativa, \u00e9 a tarefa essencial para garantir a defesa, reposi\u00e7\u00e3o e conquista de direitos que o atual quadro pol\u00edtico e social permite e exige.<\/p>\n<p style=\"text-align: justify\">Est\u00e3o criadas as condi\u00e7\u00f5es necess\u00e1rias para que o SIESI melhore a sua capacidade de resposta \u00e0s necessidades e expectativas dos trabalhadores dos sectores da energia, instaladoras el\u00e9tricas, dos fabricantes de material el\u00e9trico e eletr\u00f3nico, dos elevadores e dos centros de contacto do sector. A Mesa da Assembleia Geral do SIESI apela, desde j\u00e1, a um forte empenhamento dos quadros e ativistas sindicais e da generalidade dos trabalhadores na prepara\u00e7\u00e3o, mobiliza\u00e7\u00e3o e participa\u00e7\u00e3o nas comemora\u00e7\u00f5es do 25 de Abril e do 1\u00ba de Maio como momentos importantes que s\u00e3o de afirma\u00e7\u00e3o das reivindica\u00e7\u00f5es, da unidade e da capacidade de luta dos trabalhadores.<\/p>\n<p style=\"text-align: justify\"><b>Unidade, a For\u00e7a dos Trabalhadores !<\/b><\/p>\n<p style=\"text-align: right\">Lisboa, 15 Abril de 2016<\/p>\n<p style=\"text-align: right\">A Mesa da Assembleia Geral do SIESI<\/p>\n","protected":false},"excerpt":{"rendered":"<p>Elevada participa\u00e7\u00e3o e op\u00e7\u00e3o clara O caminho \u00e9 a Unidade e Firmeza Nos dias 13 e 14 de Abril realizaram-se as elei\u00e7\u00f5es para os \u00f3rg\u00e3os sociais do Sindicato das Ind\u00fastrias El\u00e9ctricas do Sul e Ilhas registando-se a significativa participa\u00e7\u00e3o de 2.648 s\u00f3cios.<\/p>\n","protected":false},"author":30,"featured_media":1498,"comment_status":"open","ping_status":"open","sticky":false,"template":"","format":"standard","meta":{"footnotes":""},"categories":[2,1],"tags":[],"class_list":["post-1497","post","type-post","status-publish","format-standard","has-post-thumbnail","hentry","category-destaques","category-noticias"],"_links":{"self":[{"href":"https:\/\/sindicatos.cgtp.pt\/uniao-santarem\/wp-json\/wp\/v2\/posts\/1497","targetHints":{"allow":["GET"]}}],"collection":[{"href":"https:\/\/sindicatos.cgtp.pt\/uniao-santarem\/wp-json\/wp\/v2\/posts"}],"about":[{"href":"https:\/\/sindicatos.cgtp.pt\/uniao-santarem\/wp-json\/wp\/v2\/types\/post"}],"author":[{"embeddable":true,"href":"https:\/\/sindicatos.cgtp.pt\/uniao-santarem\/wp-json\/wp\/v2\/users\/30"}],"replies":[{"embeddable":true,"href":"https:\/\/sindicatos.cgtp.pt\/uniao-santarem\/wp-json\/wp\/v2\/comments?post=1497"}],"version-history":[{"count":3,"href":"https:\/\/sindicatos.cgtp.pt\/uniao-santarem\/wp-json\/wp\/v2\/posts\/1497\/revisions"}],"predecessor-version":[{"id":1501,"href":"https:\/\/sindicatos.cgtp.pt\/uniao-santarem\/wp-json\/wp\/v2\/posts\/1497\/revisions\/1501"}],"wp:featuredmedia":[{"embeddable":true,"href":"https:\/\/sindicatos.cgtp.pt\/uniao-santarem\/wp-json\/wp\/v2\/media\/1498"}],"wp:attachment":[{"href":"https:\/\/sindicatos.cgtp.pt\/uniao-santarem\/wp-json\/wp\/v2\/media?parent=1497"}],"wp:term":[{"taxonomy":"category","embeddable":true,"href":"https:\/\/sindicatos.cgtp.pt\/uniao-santarem\/wp-json\/wp\/v2\/categories?post=1497"},{"taxonomy":"post_tag","embeddable":true,"href":"https:\/\/sindicatos.cgtp.pt\/uniao-santarem\/wp-json\/wp\/v2\/tags?post=1497"}],"curies":[{"name":"wp","href":"https:\/\/api.w.org\/{rel}","templated":true}]}}