{"id":1543,"date":"2016-08-30T15:07:45","date_gmt":"2016-08-30T15:07:45","guid":{"rendered":"http:\/\/sindicatos.cgtp.pt\/uniao-santarem\/?p=1543"},"modified":"2016-08-30T15:07:45","modified_gmt":"2016-08-30T15:07:45","slug":"sessao-evocativa-dos-40-anos-da-usscgtp-in","status":"publish","type":"post","link":"https:\/\/sindicatos.cgtp.pt\/uniao-santarem\/2016\/08\/30\/sessao-evocativa-dos-40-anos-da-usscgtp-in\/","title":{"rendered":"Sess\u00e3o Evocativa dos 40 Anos da USS\/CGTP-IN"},"content":{"rendered":"<p>A USS\/CGTP-IN vai comemorar o seu 40\u00ba Anivers\u00e1rio no pr\u00f3ximo dia 30 de Setembro, na cidade da Santar\u00e9m.<!--more--><\/p>\n<p>As comemora\u00e7\u00f5es v\u00e3o decorrer pelas 21.30h, na sala de Leitura Bernardo Santareno e v\u00e3o contar com a presen\u00e7a de Arm\u00e9nio Carlos; Secret\u00e1rio-Geral da CGTP-IN, Jos\u00e9 Ernesto Cartaxo; hist\u00f3rico dirigente sindical e Filipa Costa; Coordenadora Nacional na Interjovem.<\/p>\n<p>Para al\u00e9m do debate &#8220;Os \u00faltimos e os pr\u00f3ximos 40 anos da luta dos trabalhadores&#8221;, a iniciativa contar\u00e1 ainda com uma sess\u00e3o de fados levada acabo pelo grupo de fados &#8220;Os Cantigueiros&#8221;.<\/p>\n","protected":false},"excerpt":{"rendered":"<p>A USS\/CGTP-IN vai comemorar o seu 40\u00ba Anivers\u00e1rio no pr\u00f3ximo dia 30 de Setembro, na cidade da Santar\u00e9m.<\/p>\n","protected":false},"author":30,"featured_media":1544,"comment_status":"open","ping_status":"open","sticky":false,"template":"","format":"standard","meta":{"footnotes":""},"categories":[2,1],"tags":[],"class_list":["post-1543","post","type-post","status-publish","format-standard","has-post-thumbnail","hentry","category-destaques","category-noticias"],"_links":{"self":[{"href":"https:\/\/sindicatos.cgtp.pt\/uniao-santarem\/wp-json\/wp\/v2\/posts\/1543","targetHints":{"allow":["GET"]}}],"collection":[{"href":"https:\/\/sindicatos.cgtp.pt\/uniao-santarem\/wp-json\/wp\/v2\/posts"}],"about":[{"href":"https:\/\/sindicatos.cgtp.pt\/uniao-santarem\/wp-json\/wp\/v2\/types\/post"}],"author":[{"embeddable":true,"href":"https:\/\/sindicatos.cgtp.pt\/uniao-santarem\/wp-json\/wp\/v2\/users\/30"}],"replies":[{"embeddable":true,"href":"https:\/\/sindicatos.cgtp.pt\/uniao-santarem\/wp-json\/wp\/v2\/comments?post=1543"}],"version-history":[{"count":1,"href":"https:\/\/sindicatos.cgtp.pt\/uniao-santarem\/wp-json\/wp\/v2\/posts\/1543\/revisions"}],"predecessor-version":[{"id":1545,"href":"https:\/\/sindicatos.cgtp.pt\/uniao-santarem\/wp-json\/wp\/v2\/posts\/1543\/revisions\/1545"}],"wp:featuredmedia":[{"embeddable":true,"href":"https:\/\/sindicatos.cgtp.pt\/uniao-santarem\/wp-json\/wp\/v2\/media\/1544"}],"wp:attachment":[{"href":"https:\/\/sindicatos.cgtp.pt\/uniao-santarem\/wp-json\/wp\/v2\/media?parent=1543"}],"wp:term":[{"taxonomy":"category","embeddable":true,"href":"https:\/\/sindicatos.cgtp.pt\/uniao-santarem\/wp-json\/wp\/v2\/categories?post=1543"},{"taxonomy":"post_tag","embeddable":true,"href":"https:\/\/sindicatos.cgtp.pt\/uniao-santarem\/wp-json\/wp\/v2\/tags?post=1543"}],"curies":[{"name":"wp","href":"https:\/\/api.w.org\/{rel}","templated":true}]}}