{"id":1555,"date":"2016-10-12T16:36:33","date_gmt":"2016-10-12T16:36:33","guid":{"rendered":"http:\/\/sindicatos.cgtp.pt\/uniao-santarem\/?p=1555"},"modified":"2016-10-12T16:36:33","modified_gmt":"2016-10-12T16:36:33","slug":"sntct-alerta-para-a-degracao-dos-ctt","status":"publish","type":"post","link":"https:\/\/sindicatos.cgtp.pt\/uniao-santarem\/2016\/10\/12\/sntct-alerta-para-a-degracao-dos-ctt\/","title":{"rendered":"SNTCT alerta para a degra\u00e7\u00e3o dos CTT"},"content":{"rendered":"<p style=\"text-align: justify\">Ontem, dia 11 de Outubro, o SNTCT relembrando a efem\u00e9ride do dia Mundial dos Correios, desenvolveu uma jornada de contactos e esclarecimento junto da popula\u00e7\u00e3o do concelho de Santar\u00e9m.<!--more--><\/p>\n<p style=\"text-align: justify\">\n<p style=\"text-align: justify\">A ac\u00e7\u00e3o do SNTCT serviu para alertar as popula\u00e7\u00f5es dos motivos que levam a que desde a privatiza\u00e7\u00e3o dos CTT, que os servi\u00e7os prestados tenham vindo a degradar-se de forma t\u00e3o intensa.<\/p>\n<p style=\"text-align: justify\">Tal como alerta o Sindicato afecto \u00e0 CGTP-IN, a redu\u00e7\u00e3o do n\u00famero de trabalhadores e a precariedade existente hoje nos CTT leva a que a empresa opte por distribuir o correio urgente, penalizando a distribui\u00e7\u00e3o do correio normal que em algumas localidades j\u00e1 \u00e9 distribu\u00eddo semanalmente.<\/p>\n<p style=\"text-align: justify\">Esta \u00e9 uma op\u00e7\u00e3o estrat\u00e9gica da empresa com vista em obter mais lucros penalizando o bom relacionamento\u00a0 e o respeito que as popula\u00e7\u00f5es foram mantendo e desenvolvendo ao longo dos anos com os CTT.<\/p>\n<p style=\"text-align: justify\">Segundo o SNTCT tamb\u00e9m e apesar da empresa j\u00e1 ter aberto mais de 100 balc\u00f5es do Banco dos CTT, optou por n\u00e3o contratar trabalhadores, mas sim transferir trabalhadores dos balc\u00f5es de atendimento ao p\u00fablico dos CTT o que veio a aumentar tempos de espera e igualmente a degradar esse servi\u00e7o anteriormente p\u00fablico.<\/p>\n<p style=\"text-align: justify\">Face a essa realidade, o SNTCT anunciou publicamente que ir\u00e1 exigir junto da Autoridade Reguladora (ANACOM)para que tome medidas de forma a que a administra\u00e7\u00e3o dos CTT cumpra com os padr\u00f5es de qualidade estabelecidos aquando a concess\u00e3o do servi\u00e7o p\u00fablico.<\/p>\n","protected":false},"excerpt":{"rendered":"<p>Ontem, dia 11 de Outubro, o SNTCT relembrando a efem\u00e9ride do dia Mundial dos Correios, desenvolveu uma jornada de contactos e esclarecimento junto da popula\u00e7\u00e3o do concelho de Santar\u00e9m.<\/p>\n","protected":false},"author":30,"featured_media":1556,"comment_status":"open","ping_status":"open","sticky":false,"template":"","format":"standard","meta":{"footnotes":""},"categories":[2,1],"tags":[],"class_list":["post-1555","post","type-post","status-publish","format-standard","has-post-thumbnail","hentry","category-destaques","category-noticias"],"_links":{"self":[{"href":"https:\/\/sindicatos.cgtp.pt\/uniao-santarem\/wp-json\/wp\/v2\/posts\/1555","targetHints":{"allow":["GET"]}}],"collection":[{"href":"https:\/\/sindicatos.cgtp.pt\/uniao-santarem\/wp-json\/wp\/v2\/posts"}],"about":[{"href":"https:\/\/sindicatos.cgtp.pt\/uniao-santarem\/wp-json\/wp\/v2\/types\/post"}],"author":[{"embeddable":true,"href":"https:\/\/sindicatos.cgtp.pt\/uniao-santarem\/wp-json\/wp\/v2\/users\/30"}],"replies":[{"embeddable":true,"href":"https:\/\/sindicatos.cgtp.pt\/uniao-santarem\/wp-json\/wp\/v2\/comments?post=1555"}],"version-history":[{"count":2,"href":"https:\/\/sindicatos.cgtp.pt\/uniao-santarem\/wp-json\/wp\/v2\/posts\/1555\/revisions"}],"predecessor-version":[{"id":1558,"href":"https:\/\/sindicatos.cgtp.pt\/uniao-santarem\/wp-json\/wp\/v2\/posts\/1555\/revisions\/1558"}],"wp:featuredmedia":[{"embeddable":true,"href":"https:\/\/sindicatos.cgtp.pt\/uniao-santarem\/wp-json\/wp\/v2\/media\/1556"}],"wp:attachment":[{"href":"https:\/\/sindicatos.cgtp.pt\/uniao-santarem\/wp-json\/wp\/v2\/media?parent=1555"}],"wp:term":[{"taxonomy":"category","embeddable":true,"href":"https:\/\/sindicatos.cgtp.pt\/uniao-santarem\/wp-json\/wp\/v2\/categories?post=1555"},{"taxonomy":"post_tag","embeddable":true,"href":"https:\/\/sindicatos.cgtp.pt\/uniao-santarem\/wp-json\/wp\/v2\/tags?post=1555"}],"curies":[{"name":"wp","href":"https:\/\/api.w.org\/{rel}","templated":true}]}}