{"id":1559,"date":"2016-10-13T12:40:14","date_gmt":"2016-10-13T12:40:14","guid":{"rendered":"http:\/\/sindicatos.cgtp.pt\/uniao-santarem\/?p=1559"},"modified":"2016-10-13T12:41:07","modified_gmt":"2016-10-13T12:41:07","slug":"greve-dos-enfermeiros-lutar-ate-vencer","status":"publish","type":"post","link":"https:\/\/sindicatos.cgtp.pt\/uniao-santarem\/2016\/10\/13\/greve-dos-enfermeiros-lutar-ate-vencer\/","title":{"rendered":"Greve dos Enfermeiros: Lutar at\u00e9 vencer"},"content":{"rendered":"<p style=\"text-align: justify\">Realiza-se hoje e amanh\u00e3, a greve nacional de enfermeiros convocada pelo SEP.<!--more--><\/p>\n<p style=\"text-align: justify\">Uma greve que tem tido por todo o pa\u00eds uma ades\u00e3o bastante significativa e que segundo o SEP no distrito de Santar\u00e9m regista ades\u00f5es na ordem dos 85% no Hospital Distrital de Santar\u00e9m, de 86% no Hospital de Torres Novas e de 71% no Hospital de Tomar.<\/p>\n<p style=\"text-align: justify\">A greve, agora, realizada pelos enfermeiros visa, reivindicar a reposi\u00e7\u00e3o do hor\u00e1rio das 35 horas semanais, a contrata\u00e7\u00e3o de mais funcion\u00e1rios para o Servi\u00e7o Nacional de Sa\u00fade (SNS) e o pagamento de todo o trabalho suplementar realizado por enfermeiros.<\/p>\n<p style=\"text-align: justify\">Desta forma, a greve \u00e9 de \u00fanica e exclusiva responsabilidade do governo e do Minist\u00e9rio da Sa\u00fade que ao contr\u00e1rio do que v\u00eam a anunciar, optam por protelar a degrada\u00e7\u00e3o do SNS e por se aproveitarem do profissionalismo dos enfermeiros.<\/p>\n<p style=\"text-align: justify\">A USS\/CGTP-IN sa\u00fada os enfermeiros em greve pela sua determina\u00e7\u00e3o em melhorarem as suas condi\u00e7\u00f5es de trabalho e por um SNS capaz e competente, relembrando que o empenho e perseveran\u00e7a dos enfermeiros j\u00e1 levou a que no distrito de Santar\u00e9m conseguissem obter vit\u00f3rias como a contrata\u00e7\u00e3o de mais profissionais de enfermagem para os Hospitais de Santar\u00e9m e do Centro Hospitalar do M\u00e9dio Tejo.<\/p>\n","protected":false},"excerpt":{"rendered":"<p>Realiza-se hoje e amanh\u00e3, a greve nacional de enfermeiros convocada pelo SEP.<\/p>\n","protected":false},"author":30,"featured_media":1105,"comment_status":"open","ping_status":"open","sticky":false,"template":"","format":"standard","meta":{"footnotes":""},"categories":[2,1],"tags":[],"class_list":["post-1559","post","type-post","status-publish","format-standard","has-post-thumbnail","hentry","category-destaques","category-noticias"],"_links":{"self":[{"href":"https:\/\/sindicatos.cgtp.pt\/uniao-santarem\/wp-json\/wp\/v2\/posts\/1559","targetHints":{"allow":["GET"]}}],"collection":[{"href":"https:\/\/sindicatos.cgtp.pt\/uniao-santarem\/wp-json\/wp\/v2\/posts"}],"about":[{"href":"https:\/\/sindicatos.cgtp.pt\/uniao-santarem\/wp-json\/wp\/v2\/types\/post"}],"author":[{"embeddable":true,"href":"https:\/\/sindicatos.cgtp.pt\/uniao-santarem\/wp-json\/wp\/v2\/users\/30"}],"replies":[{"embeddable":true,"href":"https:\/\/sindicatos.cgtp.pt\/uniao-santarem\/wp-json\/wp\/v2\/comments?post=1559"}],"version-history":[{"count":2,"href":"https:\/\/sindicatos.cgtp.pt\/uniao-santarem\/wp-json\/wp\/v2\/posts\/1559\/revisions"}],"predecessor-version":[{"id":1561,"href":"https:\/\/sindicatos.cgtp.pt\/uniao-santarem\/wp-json\/wp\/v2\/posts\/1559\/revisions\/1561"}],"wp:featuredmedia":[{"embeddable":true,"href":"https:\/\/sindicatos.cgtp.pt\/uniao-santarem\/wp-json\/wp\/v2\/media\/1105"}],"wp:attachment":[{"href":"https:\/\/sindicatos.cgtp.pt\/uniao-santarem\/wp-json\/wp\/v2\/media?parent=1559"}],"wp:term":[{"taxonomy":"category","embeddable":true,"href":"https:\/\/sindicatos.cgtp.pt\/uniao-santarem\/wp-json\/wp\/v2\/categories?post=1559"},{"taxonomy":"post_tag","embeddable":true,"href":"https:\/\/sindicatos.cgtp.pt\/uniao-santarem\/wp-json\/wp\/v2\/tags?post=1559"}],"curies":[{"name":"wp","href":"https:\/\/api.w.org\/{rel}","templated":true}]}}