{"id":1602,"date":"2017-01-12T22:26:02","date_gmt":"2017-01-12T22:26:02","guid":{"rendered":"http:\/\/sindicatos.cgtp.pt\/uniao-santarem\/?p=1602"},"modified":"2017-01-12T22:27:28","modified_gmt":"2017-01-12T22:27:28","slug":"75-mil-assinaturas-pelo-fim-da-caducidade-dos-contratos-colectivos","status":"publish","type":"post","link":"https:\/\/sindicatos.cgtp.pt\/uniao-santarem\/2017\/01\/12\/75-mil-assinaturas-pelo-fim-da-caducidade-dos-contratos-colectivos\/","title":{"rendered":"75 mil assinaturas pelo fim da caducidade dos contratos colectivos"},"content":{"rendered":"<p>Hoje ao final da tarde a CGTP-IN entregou na Assembleia da Rep\u00fablica a peti\u00e7\u00e3o que exige a revoga\u00e7\u00e3o da norma do c\u00f3digo do trabalho que prev\u00ea a caducidade dos contractos colectivos de trabalho.<!--more-->Uma peti\u00e7\u00e3o que contou com mais de 75 mil assinaturas, sendo que destas mais de 2000 foram recolhidas em empresas e locais de trabalho no distrito de Santar\u00e9m.<\/p>\n<p>A dimens\u00e3o que assumiu a subscri\u00e7\u00e3o da peti\u00e7\u00e3o revela o reconhecimento dos trabalhadores sobre o papel nefasto que a norma, em refer\u00eancia, teve para a contrata\u00e7\u00e3o colectiva.<\/p>\n<p>Recentemente o Ministro do Trabalho (o mesmo que implementou as normas do c\u00f3digo do trabalho em 2009) reconheceu que a caducidade da contrata\u00e7\u00e3o colectiva veio a prejudicar a negocia\u00e7\u00e3o colectiva. No entanto sugeriu que a caducidade fosse apenas suspensa por 18 meses.<\/p>\n<p>Medida que a CGTP-IN considera insuficiente pois apenas atrasa a resolu\u00e7\u00e3o do problema, voltando o patronato a poder daqui a 18 meses\u00a0 invocar a caducidade da contrata\u00e7\u00e3o colectiva e a boicotar a negocia\u00e7\u00e3o da mesma.<\/p>\n<p>A peti\u00e7\u00e3o foi entregue por centenas de dirigentes e delegados sindicais, entre os quais 20 de Santar\u00e9m, em representa\u00e7\u00e3o dos milhares de trabalhadores que a assinaram e foi recebida pelo Sr. Presidente da Assembleia da Rep\u00fablica.<\/p>\n<p>Peti\u00e7\u00e3o entregue, aguarda-se o debate parlamentar. A USS\/CGTP-IN defende que os deputados devem votar de acordo com a vontade do povo e dos trabalhadores e essa vontade foi expressa pela peti\u00e7\u00e3o.<\/p>\n<p>&nbsp;<\/p>\n","protected":false},"excerpt":{"rendered":"<p>Hoje ao final da tarde a CGTP-IN entregou na Assembleia da Rep\u00fablica a peti\u00e7\u00e3o que exige a revoga\u00e7\u00e3o da norma do c\u00f3digo do trabalho que prev\u00ea a caducidade dos contractos colectivos de trabalho.<\/p>\n","protected":false},"author":30,"featured_media":1603,"comment_status":"open","ping_status":"open","sticky":false,"template":"","format":"standard","meta":{"footnotes":""},"categories":[2,1],"tags":[],"class_list":["post-1602","post","type-post","status-publish","format-standard","has-post-thumbnail","hentry","category-destaques","category-noticias"],"_links":{"self":[{"href":"https:\/\/sindicatos.cgtp.pt\/uniao-santarem\/wp-json\/wp\/v2\/posts\/1602","targetHints":{"allow":["GET"]}}],"collection":[{"href":"https:\/\/sindicatos.cgtp.pt\/uniao-santarem\/wp-json\/wp\/v2\/posts"}],"about":[{"href":"https:\/\/sindicatos.cgtp.pt\/uniao-santarem\/wp-json\/wp\/v2\/types\/post"}],"author":[{"embeddable":true,"href":"https:\/\/sindicatos.cgtp.pt\/uniao-santarem\/wp-json\/wp\/v2\/users\/30"}],"replies":[{"embeddable":true,"href":"https:\/\/sindicatos.cgtp.pt\/uniao-santarem\/wp-json\/wp\/v2\/comments?post=1602"}],"version-history":[{"count":3,"href":"https:\/\/sindicatos.cgtp.pt\/uniao-santarem\/wp-json\/wp\/v2\/posts\/1602\/revisions"}],"predecessor-version":[{"id":1606,"href":"https:\/\/sindicatos.cgtp.pt\/uniao-santarem\/wp-json\/wp\/v2\/posts\/1602\/revisions\/1606"}],"wp:featuredmedia":[{"embeddable":true,"href":"https:\/\/sindicatos.cgtp.pt\/uniao-santarem\/wp-json\/wp\/v2\/media\/1603"}],"wp:attachment":[{"href":"https:\/\/sindicatos.cgtp.pt\/uniao-santarem\/wp-json\/wp\/v2\/media?parent=1602"}],"wp:term":[{"taxonomy":"category","embeddable":true,"href":"https:\/\/sindicatos.cgtp.pt\/uniao-santarem\/wp-json\/wp\/v2\/categories?post=1602"},{"taxonomy":"post_tag","embeddable":true,"href":"https:\/\/sindicatos.cgtp.pt\/uniao-santarem\/wp-json\/wp\/v2\/tags?post=1602"}],"curies":[{"name":"wp","href":"https:\/\/api.w.org\/{rel}","templated":true}]}}