{"id":1608,"date":"2017-01-16T21:55:43","date_gmt":"2017-01-16T21:55:43","guid":{"rendered":"http:\/\/sindicatos.cgtp.pt\/uniao-santarem\/?p=1608"},"modified":"2017-01-16T21:55:43","modified_gmt":"2017-01-16T21:55:43","slug":"aumentos-de-100e-na-mitsubishi","status":"publish","type":"post","link":"https:\/\/sindicatos.cgtp.pt\/uniao-santarem\/2017\/01\/16\/aumentos-de-100e-na-mitsubishi\/","title":{"rendered":"Aumentos de 100\u20ac na Mitsubishi"},"content":{"rendered":"<p>Recentemente foi anunciado atrav\u00e9s de comunicado da direc\u00e7\u00e3o da Mitsubishi no Tramagal dirigido aos trabalhadores, que a unidade industrial ir\u00e1 avan\u00e7ar com uma revis\u00e3o salarial que compreende aumentos entre os 30\u20ac e os 100\u20ac.<br \/>\n<!--more--><\/p>\n<p>Os aumentos, agora, anunciados ser\u00e3o distribu\u00eddos da seguinte forma:100\u20ac para sal\u00e1rios at\u00e9 800\u20ac, 70\u20ac para sal\u00e1rios entre 801\u20ac e 1600\u20ac, 50\u20ac para sal\u00e1rios entre os 1601\u20ac e os 1700\u20ac e 30\u20ac para sal\u00e1rios entre os 1701\u20ac e os 1800\u20ac.<\/p>\n<p>A USS\/CGTP-IN considera os aumentos justos e relembra que os mesmos n\u00e3o podem ser dissociados da luta que recentemente os trabalhadores da Mitsubishi no Tramagal levaram acabo pela revis\u00e3o do pagamento do trabalho extraordin\u00e1rio aos s\u00e1bados.<\/p>\n<p>Entende ainda a USS\/CGTP-IN que esta decis\u00e3o tem especial import\u00e2ncia uma vez que o presidente da Mitsubishi no Tramagal \u00e9 igualmente o presidente da Associa\u00e7\u00e3o patronal do sector, esperando-se assim que os seus pares sejam coerentes\u00a0 com o exemplo agora narrado.<\/p>\n<p>A USS\/CGTP-IN sa\u00fada\u00a0 os trabalhadores da Mitsubishi por esta sua vit\u00f3ria e relembra que face aos resultados positivos que a luta lhes trouxe \u00e9 importante n\u00e3o baixar os bra\u00e7os pois &#8220;quem luta sempre alcan\u00e7a&#8221; e ainda muito \u00e0 para fazer para melhorar as suas condi\u00e7\u00f5es de trabalho.<\/p>\n","protected":false},"excerpt":{"rendered":"<p>Recentemente foi anunciado atrav\u00e9s de comunicado da direc\u00e7\u00e3o da Mitsubishi no Tramagal dirigido aos trabalhadores, que a unidade industrial ir\u00e1 avan\u00e7ar com uma revis\u00e3o salarial que compreende aumentos entre os 30\u20ac e os 100\u20ac.<\/p>\n","protected":false},"author":30,"featured_media":1609,"comment_status":"open","ping_status":"open","sticky":false,"template":"","format":"standard","meta":{"footnotes":""},"categories":[2,1],"tags":[],"class_list":["post-1608","post","type-post","status-publish","format-standard","has-post-thumbnail","hentry","category-destaques","category-noticias"],"_links":{"self":[{"href":"https:\/\/sindicatos.cgtp.pt\/uniao-santarem\/wp-json\/wp\/v2\/posts\/1608","targetHints":{"allow":["GET"]}}],"collection":[{"href":"https:\/\/sindicatos.cgtp.pt\/uniao-santarem\/wp-json\/wp\/v2\/posts"}],"about":[{"href":"https:\/\/sindicatos.cgtp.pt\/uniao-santarem\/wp-json\/wp\/v2\/types\/post"}],"author":[{"embeddable":true,"href":"https:\/\/sindicatos.cgtp.pt\/uniao-santarem\/wp-json\/wp\/v2\/users\/30"}],"replies":[{"embeddable":true,"href":"https:\/\/sindicatos.cgtp.pt\/uniao-santarem\/wp-json\/wp\/v2\/comments?post=1608"}],"version-history":[{"count":1,"href":"https:\/\/sindicatos.cgtp.pt\/uniao-santarem\/wp-json\/wp\/v2\/posts\/1608\/revisions"}],"predecessor-version":[{"id":1610,"href":"https:\/\/sindicatos.cgtp.pt\/uniao-santarem\/wp-json\/wp\/v2\/posts\/1608\/revisions\/1610"}],"wp:featuredmedia":[{"embeddable":true,"href":"https:\/\/sindicatos.cgtp.pt\/uniao-santarem\/wp-json\/wp\/v2\/media\/1609"}],"wp:attachment":[{"href":"https:\/\/sindicatos.cgtp.pt\/uniao-santarem\/wp-json\/wp\/v2\/media?parent=1608"}],"wp:term":[{"taxonomy":"category","embeddable":true,"href":"https:\/\/sindicatos.cgtp.pt\/uniao-santarem\/wp-json\/wp\/v2\/categories?post=1608"},{"taxonomy":"post_tag","embeddable":true,"href":"https:\/\/sindicatos.cgtp.pt\/uniao-santarem\/wp-json\/wp\/v2\/tags?post=1608"}],"curies":[{"name":"wp","href":"https:\/\/api.w.org\/{rel}","templated":true}]}}