{"id":1622,"date":"2017-02-01T15:20:24","date_gmt":"2017-02-01T15:20:24","guid":{"rendered":"http:\/\/sindicatos.cgtp.pt\/uniao-santarem\/?p=1622"},"modified":"2017-02-01T15:24:25","modified_gmt":"2017-02-01T15:24:25","slug":"vitoria-na-prado-de-tomar","status":"publish","type":"post","link":"https:\/\/sindicatos.cgtp.pt\/uniao-santarem\/2017\/02\/01\/vitoria-na-prado-de-tomar\/","title":{"rendered":"Vit\u00f3ria na Prado de Tomar"},"content":{"rendered":"<p>Sempre que os trabalhadores se unem e lutam pelos seus direitos alguma coisa muda. Neste caso e ap\u00f3s a publica\u00e7\u00e3o de pr\u00e9- aviso de greve na Prado (Tomar) os trabalhadores conseguiram que a empresa lhe pagasse os sal\u00e1rios em atraso.<!--more--><\/p>\n<p>A greve estava convocada para hoje, dia 1 de Fevereiro, no entanto a empresa pagou o sal\u00e1rio de Dezembro na passada semana e ontem cumpriu com a sua obriga\u00e7\u00e3o legal e pagou os sal\u00e1rios de Janeiro.<\/p>\n<p>Assim e uma vez que o motivo para que havia sido convocada a greve foi ultrapassado, os trabalhadores sob orienta\u00e7\u00e3o do seu sindicato de classe, SITE CSRA, cancelaram a greve e est\u00e3o a realizar trabalho.<\/p>\n<p>A USS\/CGTP-IN sa\u00fada os trabalhadores da Prado e congratula-se com a sua vit\u00f3ria, considerando ainda que este \u00e9 mais um dos bons exemplos que vale a pena estar organizado sindicalmente, unido em objectivos comuns com os camaradas de trabalho e sobretudo que vale a pena lutar.<\/p>\n","protected":false},"excerpt":{"rendered":"<p>Sempre que os trabalhadores se unem e lutam pelos seus direitos alguma coisa muda. Neste caso e ap\u00f3s a publica\u00e7\u00e3o de pr\u00e9- aviso de greve na Prado (Tomar) os trabalhadores conseguiram que a empresa lhe pagasse os sal\u00e1rios em atraso.<\/p>\n","protected":false},"author":30,"featured_media":1623,"comment_status":"open","ping_status":"open","sticky":false,"template":"","format":"standard","meta":{"footnotes":""},"categories":[2,1],"tags":[],"class_list":["post-1622","post","type-post","status-publish","format-standard","has-post-thumbnail","hentry","category-destaques","category-noticias"],"_links":{"self":[{"href":"https:\/\/sindicatos.cgtp.pt\/uniao-santarem\/wp-json\/wp\/v2\/posts\/1622","targetHints":{"allow":["GET"]}}],"collection":[{"href":"https:\/\/sindicatos.cgtp.pt\/uniao-santarem\/wp-json\/wp\/v2\/posts"}],"about":[{"href":"https:\/\/sindicatos.cgtp.pt\/uniao-santarem\/wp-json\/wp\/v2\/types\/post"}],"author":[{"embeddable":true,"href":"https:\/\/sindicatos.cgtp.pt\/uniao-santarem\/wp-json\/wp\/v2\/users\/30"}],"replies":[{"embeddable":true,"href":"https:\/\/sindicatos.cgtp.pt\/uniao-santarem\/wp-json\/wp\/v2\/comments?post=1622"}],"version-history":[{"count":5,"href":"https:\/\/sindicatos.cgtp.pt\/uniao-santarem\/wp-json\/wp\/v2\/posts\/1622\/revisions"}],"predecessor-version":[{"id":1625,"href":"https:\/\/sindicatos.cgtp.pt\/uniao-santarem\/wp-json\/wp\/v2\/posts\/1622\/revisions\/1625"}],"wp:featuredmedia":[{"embeddable":true,"href":"https:\/\/sindicatos.cgtp.pt\/uniao-santarem\/wp-json\/wp\/v2\/media\/1623"}],"wp:attachment":[{"href":"https:\/\/sindicatos.cgtp.pt\/uniao-santarem\/wp-json\/wp\/v2\/media?parent=1622"}],"wp:term":[{"taxonomy":"category","embeddable":true,"href":"https:\/\/sindicatos.cgtp.pt\/uniao-santarem\/wp-json\/wp\/v2\/categories?post=1622"},{"taxonomy":"post_tag","embeddable":true,"href":"https:\/\/sindicatos.cgtp.pt\/uniao-santarem\/wp-json\/wp\/v2\/tags?post=1622"}],"curies":[{"name":"wp","href":"https:\/\/api.w.org\/{rel}","templated":true}]}}