{"id":1633,"date":"2017-02-27T11:55:06","date_gmt":"2017-02-27T11:55:06","guid":{"rendered":"http:\/\/sindicatos.cgtp.pt\/uniao-santarem\/?p=1633"},"modified":"2017-02-27T11:55:06","modified_gmt":"2017-02-27T11:55:06","slug":"greve-na-thyssenkrupp","status":"publish","type":"post","link":"https:\/\/sindicatos.cgtp.pt\/uniao-santarem\/2017\/02\/27\/greve-na-thyssenkrupp\/","title":{"rendered":"Greve na ThyssenKrupp"},"content":{"rendered":"<p>Na sequ\u00eancia da greve iniciada a 24 de Fevereiro, os trabalhadores da Thyssenkrupp voltar\u00e3o a estar em greve no pr\u00f3ximo dia 10 de Mar\u00e7o, no sentido de defenderem as propostas reivindicativas apresentadas pelos sindicatos da Fiequimetal \u00e0 administra\u00e7\u00e3o da empresa.<\/p>\n<p><!--more--><\/p>\n<p>No dia 10 de Mar\u00e7o, os trabalhadores em greve, v\u00e3o concentra-se junto \u00e0 sede da empresa em Massam\u00e1. Entre os v\u00e1rios trabalhadores certamente que v\u00e3o estar trabalhadores da delega\u00e7\u00e3o de Santar\u00e9m.<\/p>\n<p>A decis\u00e3o, tomada pelos trabalhadores, de partir para a luta est\u00e1 relacionada com o facto da empresa de elevadores que opera em todo o Pa\u00eds ter ignorado a discuss\u00e3o realizada com os sindicatos sobre as reivindica\u00e7\u00f5es dos trabalhadores e unilateralmente ter encerrado a discuss\u00e3o e avan\u00e7ado com um aumento salarial manifestamente insuficiente e injusto atendendo aos lucros da empresa em 2016.<\/p>\n<p>A jornada de luta do passado dia 24 de Fevereiro, para al\u00e9m da greve, contou com a presen\u00e7a de trabalhadores da delega\u00e7\u00e3o de Santar\u00e9m que juntamente com colegas manifestaram-se junto \u00e0 embaixada da Alemanha no sentido de fazer chegar o seu descontentamento tamb\u00e9m \u00e0s inst\u00e2ncias pol\u00edticas alem\u00e3s, uma vez que a multinacional \u00e9 de origem alem\u00e3.<\/p>\n","protected":false},"excerpt":{"rendered":"<p>Na sequ\u00eancia da greve iniciada a 24 de Fevereiro, os trabalhadores da Thyssenkrupp voltar\u00e3o a estar em greve no pr\u00f3ximo dia 10 de Mar\u00e7o, no sentido de defenderem as propostas reivindicativas apresentadas pelos sindicatos da Fiequimetal \u00e0 administra\u00e7\u00e3o da empresa.<\/p>\n","protected":false},"author":30,"featured_media":1634,"comment_status":"open","ping_status":"open","sticky":false,"template":"","format":"standard","meta":{"footnotes":""},"categories":[2,1],"tags":[],"class_list":["post-1633","post","type-post","status-publish","format-standard","has-post-thumbnail","hentry","category-destaques","category-noticias"],"_links":{"self":[{"href":"https:\/\/sindicatos.cgtp.pt\/uniao-santarem\/wp-json\/wp\/v2\/posts\/1633","targetHints":{"allow":["GET"]}}],"collection":[{"href":"https:\/\/sindicatos.cgtp.pt\/uniao-santarem\/wp-json\/wp\/v2\/posts"}],"about":[{"href":"https:\/\/sindicatos.cgtp.pt\/uniao-santarem\/wp-json\/wp\/v2\/types\/post"}],"author":[{"embeddable":true,"href":"https:\/\/sindicatos.cgtp.pt\/uniao-santarem\/wp-json\/wp\/v2\/users\/30"}],"replies":[{"embeddable":true,"href":"https:\/\/sindicatos.cgtp.pt\/uniao-santarem\/wp-json\/wp\/v2\/comments?post=1633"}],"version-history":[{"count":1,"href":"https:\/\/sindicatos.cgtp.pt\/uniao-santarem\/wp-json\/wp\/v2\/posts\/1633\/revisions"}],"predecessor-version":[{"id":1635,"href":"https:\/\/sindicatos.cgtp.pt\/uniao-santarem\/wp-json\/wp\/v2\/posts\/1633\/revisions\/1635"}],"wp:featuredmedia":[{"embeddable":true,"href":"https:\/\/sindicatos.cgtp.pt\/uniao-santarem\/wp-json\/wp\/v2\/media\/1634"}],"wp:attachment":[{"href":"https:\/\/sindicatos.cgtp.pt\/uniao-santarem\/wp-json\/wp\/v2\/media?parent=1633"}],"wp:term":[{"taxonomy":"category","embeddable":true,"href":"https:\/\/sindicatos.cgtp.pt\/uniao-santarem\/wp-json\/wp\/v2\/categories?post=1633"},{"taxonomy":"post_tag","embeddable":true,"href":"https:\/\/sindicatos.cgtp.pt\/uniao-santarem\/wp-json\/wp\/v2\/tags?post=1633"}],"curies":[{"name":"wp","href":"https:\/\/api.w.org\/{rel}","templated":true}]}}