{"id":1663,"date":"2017-04-19T19:02:06","date_gmt":"2017-04-19T19:02:06","guid":{"rendered":"http:\/\/sindicatos.cgtp.pt\/uniao-santarem\/?p=1663"},"modified":"2017-04-19T19:02:06","modified_gmt":"2017-04-19T19:02:06","slug":"marcha-pelo-regresso-ao-futuro","status":"publish","type":"post","link":"https:\/\/sindicatos.cgtp.pt\/uniao-santarem\/2017\/04\/19\/marcha-pelo-regresso-ao-futuro\/","title":{"rendered":"Marcha pelo Regresso ao Futuro"},"content":{"rendered":"<p>Uma delega\u00e7\u00e3o de 50 trabalhadores deslocou-se esta manh\u00e3 \u00e0 C\u00e2mara Municipal do Entroncamento para entregar uma mo\u00e7\u00e3o aprovada em plen\u00e1rio e para exigir medidas do poder pol\u00edtico que garantam um investimento s\u00e9rio na EMEF enquanto empresa estrat\u00e9gica do sector empresarial do estado.<\/p>\n<p><!--more--><\/p>\n<p>A desloca\u00e7\u00e3o foi inserida num conjunto de protestos a decorrer nas oficinas da EMEF por todo o Pa\u00eds e que se denomina por &#8220;Marcha pelo Regresso ao Futuro&#8221;.<\/p>\n<p>Antes os trabalhadores reuniram em plen\u00e1rio e discutiram a necessidade de aumentos salariais, (congelados desde 2008), a necessidade de contrata\u00e7\u00e3o de mais trabalhadores para fazer face \u00e0s encomendas e a posi\u00e7\u00e3o a tomar perante a inten\u00e7\u00e3o de dividir a EMEF em duas empresas.<\/p>\n<p>Os trabalhadores foram recebidos pelo presidente da C\u00e2mara e tr\u00eas vereadores assumiram uma posi\u00e7\u00e3o de solidariedade com a luta dos trabalhadores da EMEF e que iriam apresentar em reuni\u00e3o de c\u00e2mara uma mo\u00e7\u00e3o de apoio \u00e0 luta dos trabalhadores ferrovi\u00e1rios e por um investimento estrat\u00e9gico na EMEF.<\/p>\n<p>&nbsp;<\/p>\n<p>&nbsp;<\/p>\n","protected":false},"excerpt":{"rendered":"<p>Uma delega\u00e7\u00e3o de 50 trabalhadores deslocou-se esta manh\u00e3 \u00e0 C\u00e2mara Municipal do Entroncamento para entregar uma mo\u00e7\u00e3o aprovada em plen\u00e1rio e para exigir medidas do poder pol\u00edtico que garantam um investimento s\u00e9rio na EMEF enquanto empresa estrat\u00e9gica do sector empresarial do estado.<\/p>\n","protected":false},"author":30,"featured_media":1664,"comment_status":"open","ping_status":"open","sticky":false,"template":"","format":"standard","meta":{"footnotes":""},"categories":[2,1],"tags":[],"class_list":["post-1663","post","type-post","status-publish","format-standard","has-post-thumbnail","hentry","category-destaques","category-noticias"],"_links":{"self":[{"href":"https:\/\/sindicatos.cgtp.pt\/uniao-santarem\/wp-json\/wp\/v2\/posts\/1663","targetHints":{"allow":["GET"]}}],"collection":[{"href":"https:\/\/sindicatos.cgtp.pt\/uniao-santarem\/wp-json\/wp\/v2\/posts"}],"about":[{"href":"https:\/\/sindicatos.cgtp.pt\/uniao-santarem\/wp-json\/wp\/v2\/types\/post"}],"author":[{"embeddable":true,"href":"https:\/\/sindicatos.cgtp.pt\/uniao-santarem\/wp-json\/wp\/v2\/users\/30"}],"replies":[{"embeddable":true,"href":"https:\/\/sindicatos.cgtp.pt\/uniao-santarem\/wp-json\/wp\/v2\/comments?post=1663"}],"version-history":[{"count":1,"href":"https:\/\/sindicatos.cgtp.pt\/uniao-santarem\/wp-json\/wp\/v2\/posts\/1663\/revisions"}],"predecessor-version":[{"id":1665,"href":"https:\/\/sindicatos.cgtp.pt\/uniao-santarem\/wp-json\/wp\/v2\/posts\/1663\/revisions\/1665"}],"wp:featuredmedia":[{"embeddable":true,"href":"https:\/\/sindicatos.cgtp.pt\/uniao-santarem\/wp-json\/wp\/v2\/media\/1664"}],"wp:attachment":[{"href":"https:\/\/sindicatos.cgtp.pt\/uniao-santarem\/wp-json\/wp\/v2\/media?parent=1663"}],"wp:term":[{"taxonomy":"category","embeddable":true,"href":"https:\/\/sindicatos.cgtp.pt\/uniao-santarem\/wp-json\/wp\/v2\/categories?post=1663"},{"taxonomy":"post_tag","embeddable":true,"href":"https:\/\/sindicatos.cgtp.pt\/uniao-santarem\/wp-json\/wp\/v2\/tags?post=1663"}],"curies":[{"name":"wp","href":"https:\/\/api.w.org\/{rel}","templated":true}]}}