{"id":1780,"date":"2018-09-26T17:22:21","date_gmt":"2018-09-26T17:22:21","guid":{"rendered":"http:\/\/sindicatos.cgtp.pt\/uniao-santarem\/?p=1780"},"modified":"2018-09-26T17:23:00","modified_gmt":"2018-09-26T17:23:00","slug":"faleceu-manuel-garriapa","status":"publish","type":"post","link":"https:\/\/sindicatos.cgtp.pt\/uniao-santarem\/2018\/09\/26\/faleceu-manuel-garriapa\/","title":{"rendered":"Faleceu Manuel Garriapa"},"content":{"rendered":"<p>Manuel Garriapa Domingos foi um homem que se distinguiu entre os seus pares por desde tenra idade lutar pelos ideais da liberdade, democracia e igualdade.<\/p>\n<p>Fez do seu percurso de vida sin\u00f3nimo de confian\u00e7a na for\u00e7a da luta dos trabalhadores e com essa mesma confian\u00e7a, seriedade e resili\u00eancia contribuiu para muitas vit\u00f3rias na luta de quem trabalha e para uma melhoria das condi\u00e7\u00f5es de vida e de trabalho em Portugal.<\/p>\n<p>Entre as v\u00e1rias tarefas que assumiu no Movimento Sindical Unit\u00e1rio, pela sua import\u00e2ncia e responsabilidade, n\u00e3o pode deixar de ser destacado ter sido membro da dire\u00e7\u00e3o do Sindicato dos Trabalhadores Agr\u00edcolas (ainda antes do 25 de Abril), membro fundador e dirigente do Sindicato dos Agr\u00edcolas do Distrito de Santar\u00e9m, membro da Dire\u00e7\u00e3o da Uni\u00e3o dos Sindicatos do Distrito de Santar\u00e9m (desde o conselho distrital de 1984), membro da dire\u00e7\u00e3o e fundador da Inter-Reformados e membro do conselho Nacional da CGTP-IN.<\/p>\n<p>Nas v\u00e1rias lutas que travou destaca-se a luta pelas 8 horas de trabalho nos campos do Ribatejo e a luta pela igualdade salarial entre homens e mulheres nos campos do distrito de Santar\u00e9m.<\/p>\n<p>Neste dia de tristeza e pesar a Uni\u00e3o dos Sindicatos do Distrito de Santar\u00e9m, associa-se \u00e0 dor da fam\u00edlia do camarada Manuel Garriapa e endere\u00e7a atrav\u00e9s da presente a sua solidariedade aos familiares e amigos, com a garantia que a melhor homenagem a fazer ao Manuel Garripa ser\u00e1 a de continuar a sua luta e essa nunca ir\u00e1 parar enquanto existirem homens de fibra e coragem como o Manuel Garriapa.<\/p>\n","protected":false},"excerpt":{"rendered":"<p>Manuel Garriapa Domingos foi um homem que se distinguiu entre os seus pares por desde tenra idade lutar pelos ideais da liberdade, democracia e igualdade. Fez do seu percurso de vida sin\u00f3nimo de confian\u00e7a na for\u00e7a da luta dos trabalhadores e com essa mesma confian\u00e7a,<\/p>\n","protected":false},"author":30,"featured_media":1781,"comment_status":"open","ping_status":"open","sticky":false,"template":"","format":"standard","meta":{"footnotes":""},"categories":[2,1],"tags":[],"class_list":["post-1780","post","type-post","status-publish","format-standard","has-post-thumbnail","hentry","category-destaques","category-noticias"],"_links":{"self":[{"href":"https:\/\/sindicatos.cgtp.pt\/uniao-santarem\/wp-json\/wp\/v2\/posts\/1780","targetHints":{"allow":["GET"]}}],"collection":[{"href":"https:\/\/sindicatos.cgtp.pt\/uniao-santarem\/wp-json\/wp\/v2\/posts"}],"about":[{"href":"https:\/\/sindicatos.cgtp.pt\/uniao-santarem\/wp-json\/wp\/v2\/types\/post"}],"author":[{"embeddable":true,"href":"https:\/\/sindicatos.cgtp.pt\/uniao-santarem\/wp-json\/wp\/v2\/users\/30"}],"replies":[{"embeddable":true,"href":"https:\/\/sindicatos.cgtp.pt\/uniao-santarem\/wp-json\/wp\/v2\/comments?post=1780"}],"version-history":[{"count":2,"href":"https:\/\/sindicatos.cgtp.pt\/uniao-santarem\/wp-json\/wp\/v2\/posts\/1780\/revisions"}],"predecessor-version":[{"id":1783,"href":"https:\/\/sindicatos.cgtp.pt\/uniao-santarem\/wp-json\/wp\/v2\/posts\/1780\/revisions\/1783"}],"wp:featuredmedia":[{"embeddable":true,"href":"https:\/\/sindicatos.cgtp.pt\/uniao-santarem\/wp-json\/wp\/v2\/media\/1781"}],"wp:attachment":[{"href":"https:\/\/sindicatos.cgtp.pt\/uniao-santarem\/wp-json\/wp\/v2\/media?parent=1780"}],"wp:term":[{"taxonomy":"category","embeddable":true,"href":"https:\/\/sindicatos.cgtp.pt\/uniao-santarem\/wp-json\/wp\/v2\/categories?post=1780"},{"taxonomy":"post_tag","embeddable":true,"href":"https:\/\/sindicatos.cgtp.pt\/uniao-santarem\/wp-json\/wp\/v2\/tags?post=1780"}],"curies":[{"name":"wp","href":"https:\/\/api.w.org\/{rel}","templated":true}]}}