{"id":1828,"date":"2019-01-03T14:16:39","date_gmt":"2019-01-03T14:16:39","guid":{"rendered":"http:\/\/sindicatos.cgtp.pt\/uniao-santarem\/?p=1828"},"modified":"2019-01-03T14:17:47","modified_gmt":"2019-01-03T14:17:47","slug":"vigor-e-unidade-na-luta-das-rodoviarias","status":"publish","type":"post","link":"https:\/\/sindicatos.cgtp.pt\/uniao-santarem\/2019\/01\/03\/vigor-e-unidade-na-luta-das-rodoviarias\/","title":{"rendered":"Vigor e unidade na luta das Rodovi\u00e1rias"},"content":{"rendered":"<p>Iniciou-se hoje o primeiro de dois dias de greve convocada pelo STRUP nas empresas Rodovi\u00e1rias do Tejo, Rodovi\u00e1ria do Lis e Rodovi\u00e1ria do Oeste.<\/p>\n<p>Mais uma vez a ades\u00e3o foi muito elevada, rondando os 90% entre os motoristas.<!--more--><\/p>\n<p>Com esta estrondosa ades\u00e3o, e recorde-se que j\u00e1 em Novembro se tinham registado dois dias de greve, comprova-se pela pr\u00e1tica que apesar de todas as tentativas por parte das administra\u00e7\u00f5es para desmotivar os trabalhadores, que estes est\u00e3o bem unidos nas suas reivindica\u00e7\u00f5es e cientes que \u00e9 poss\u00edvel \u00e0s administra\u00e7\u00f5es das empresas acabarem com as v\u00e1rias discrimina\u00e7\u00f5es e atribu\u00edrem aumentos de sal\u00e1rios dignos.<\/p>\n<p>Ap\u00f3s a desmobiliza\u00e7\u00e3o dos piquetes de greve nas principais filiais no distrito de Santar\u00e9m e da zona Oeste, os motoristas e outros trabalhadores das empresas deslocaram-se para a sede do Grupo Barranqueiro (Lisboa), onde se concentraram pelas 11 horas e exigiram ser tratados com dignidade e aumentos equiparados a outras empresas do grupo como foi exemplo a Ribatejana Verde.<\/p>\n<p>A USS\/CGTP-IN sa\u00fada os trabalhadores das empresas de transportes de passageiros em luta e o seu sindicato, STRUP, e alerta para que os aumentos salariais s\u00e3o das responsabilidades das empresas e n\u00e3o das associa\u00e7\u00f5es patronais.<\/p>\n<p>\u00c0s empresas compete pagar sal\u00e1rios dignos e justos perante os lucros que os trabalhadores criam. \u00c1s associa\u00e7\u00f5es patronais compete garantir m\u00ednimos salariais no sector e n\u00e3o tabelar todo o sector, onde motoristas trabalham 15 horas por dia, pelo sal\u00e1rio m\u00ednimo.<\/p>\n<p>Aos trabalhadores compete alterar a realidade e os motoristas das Rodovi\u00e1rias est\u00e3o com um enorme vigor a lutar para que tal aconte\u00e7a.<\/p>\n","protected":false},"excerpt":{"rendered":"<p>Iniciou-se hoje o primeiro de dois dias de greve convocada pelo STRUP nas empresas Rodovi\u00e1rias do Tejo, Rodovi\u00e1ria do Lis e Rodovi\u00e1ria do Oeste. Mais uma vez a ades\u00e3o foi muito elevada, rondando os 90% entre os motoristas.<\/p>\n","protected":false},"author":30,"featured_media":1829,"comment_status":"open","ping_status":"open","sticky":false,"template":"","format":"standard","meta":{"footnotes":""},"categories":[4,2],"tags":[],"class_list":["post-1828","post","type-post","status-publish","format-standard","has-post-thumbnail","hentry","category-accao-sindical","category-destaques"],"_links":{"self":[{"href":"https:\/\/sindicatos.cgtp.pt\/uniao-santarem\/wp-json\/wp\/v2\/posts\/1828","targetHints":{"allow":["GET"]}}],"collection":[{"href":"https:\/\/sindicatos.cgtp.pt\/uniao-santarem\/wp-json\/wp\/v2\/posts"}],"about":[{"href":"https:\/\/sindicatos.cgtp.pt\/uniao-santarem\/wp-json\/wp\/v2\/types\/post"}],"author":[{"embeddable":true,"href":"https:\/\/sindicatos.cgtp.pt\/uniao-santarem\/wp-json\/wp\/v2\/users\/30"}],"replies":[{"embeddable":true,"href":"https:\/\/sindicatos.cgtp.pt\/uniao-santarem\/wp-json\/wp\/v2\/comments?post=1828"}],"version-history":[{"count":4,"href":"https:\/\/sindicatos.cgtp.pt\/uniao-santarem\/wp-json\/wp\/v2\/posts\/1828\/revisions"}],"predecessor-version":[{"id":1833,"href":"https:\/\/sindicatos.cgtp.pt\/uniao-santarem\/wp-json\/wp\/v2\/posts\/1828\/revisions\/1833"}],"wp:featuredmedia":[{"embeddable":true,"href":"https:\/\/sindicatos.cgtp.pt\/uniao-santarem\/wp-json\/wp\/v2\/media\/1829"}],"wp:attachment":[{"href":"https:\/\/sindicatos.cgtp.pt\/uniao-santarem\/wp-json\/wp\/v2\/media?parent=1828"}],"wp:term":[{"taxonomy":"category","embeddable":true,"href":"https:\/\/sindicatos.cgtp.pt\/uniao-santarem\/wp-json\/wp\/v2\/categories?post=1828"},{"taxonomy":"post_tag","embeddable":true,"href":"https:\/\/sindicatos.cgtp.pt\/uniao-santarem\/wp-json\/wp\/v2\/tags?post=1828"}],"curies":[{"name":"wp","href":"https:\/\/api.w.org\/{rel}","templated":true}]}}