{"id":1838,"date":"2019-02-04T10:51:03","date_gmt":"2019-02-04T10:51:03","guid":{"rendered":"http:\/\/sindicatos.cgtp.pt\/uniao-santarem\/?p=1838"},"modified":"2019-02-04T10:51:03","modified_gmt":"2019-02-04T10:51:03","slug":"continua-com-todo-o-vigor-a-luta-nas-rodoviarias","status":"publish","type":"post","link":"https:\/\/sindicatos.cgtp.pt\/uniao-santarem\/2019\/02\/04\/continua-com-todo-o-vigor-a-luta-nas-rodoviarias\/","title":{"rendered":"Continua com todo o vigor a Luta nas Rodovi\u00e1rias"},"content":{"rendered":"<p>Decorre hoje dia 4 de Fevereiro e amanha dia 5 de Fevereiro as greves convocadas pelo STRUP para as Rodovi\u00e1rias do Tejo, do Lis e Oeste.<!--more--><\/p>\n<p>Apesar das mentiras e manobras dissuasoras que as administra\u00e7\u00f5es foram divulgando na semana que antecedeu \u00e0 greve, mais uma vez o balan\u00e7o da greve \u00e9 bastante positivo neste primeiro dia de luta, tendo a ades\u00e3o sido\u00a0 esmagadora entre os motoristas com v\u00ednculos de trabalho n\u00e3o prec\u00e1rios, aos quais se juntaram alguns trabalhadores com v\u00ednculos prec\u00e1rios tradicionalmente usados pelas administra\u00e7\u00f5es das empresas para justificar falsos n\u00fameros de ades\u00e3o \u00e0 greve.<\/p>\n<p>Para al\u00e9m da greve, os trabalhadores e o seu Sindicato de classe (STRUP) organizaram piquetes de greve em todas as filiais das empresas e durante da manh\u00e3 v\u00e3o se deslocar a todas as C\u00e2maras Municipais com protocolos de transportes assinados com as tr\u00eas empresas, com o objectivo de sensibilizar o poder aut\u00e1rquico n\u00e3o s\u00f3 das reivindica\u00e7\u00f5es dos trabalhadores, mas tamb\u00e9m que est\u00e1 nas m\u00e3os das administra\u00e7\u00f5es resolverem o conflito e deixarem de penalizar as popula\u00e7\u00f5es por uma estrat\u00e9gia de gest\u00e3o assente na desvaloriza\u00e7\u00e3o do trabalho e em baixos sal\u00e1rios.<\/p>\n<p>A USS\/CGTP-IN repudia as tentativas de intimida\u00e7\u00e3o, desvaloriza\u00e7\u00e3o das reivindica\u00e7\u00f5es e at\u00e9 de descredibiliza\u00e7\u00e3o do STRUP a que infelizmente a administra\u00e7\u00e3o recorreu nos \u00faltimos dias, alegando cumprir com pagamentos de sal\u00e1rios que n\u00e3o s\u00e3o mais que uma miragem para quem conduz diariamente\u00a0 ou at\u00e9 colocando palavras na boca dos representantes sindicais e afirma que a resposta a esse tipo de comportamento foi dado atrav\u00e9s da unidade dos trabalhadores na luta.<\/p>\n<p>A luta vai continuar na Rodovi\u00e1ria do Tejo, do Lis e do oeste at\u00e9 que sejam devidamente valorizados o trabalho e os trabalhadores dessas empresas.<\/p>\n<p>&nbsp;<\/p>\n","protected":false},"excerpt":{"rendered":"<p>Decorre hoje dia 4 de Fevereiro e amanha dia 5 de Fevereiro as greves convocadas pelo STRUP para as Rodovi\u00e1rias do Tejo, do Lis e Oeste.<\/p>\n","protected":false},"author":30,"featured_media":1839,"comment_status":"open","ping_status":"open","sticky":false,"template":"","format":"standard","meta":{"footnotes":""},"categories":[4,1],"tags":[],"class_list":["post-1838","post","type-post","status-publish","format-standard","has-post-thumbnail","hentry","category-accao-sindical","category-noticias"],"_links":{"self":[{"href":"https:\/\/sindicatos.cgtp.pt\/uniao-santarem\/wp-json\/wp\/v2\/posts\/1838","targetHints":{"allow":["GET"]}}],"collection":[{"href":"https:\/\/sindicatos.cgtp.pt\/uniao-santarem\/wp-json\/wp\/v2\/posts"}],"about":[{"href":"https:\/\/sindicatos.cgtp.pt\/uniao-santarem\/wp-json\/wp\/v2\/types\/post"}],"author":[{"embeddable":true,"href":"https:\/\/sindicatos.cgtp.pt\/uniao-santarem\/wp-json\/wp\/v2\/users\/30"}],"replies":[{"embeddable":true,"href":"https:\/\/sindicatos.cgtp.pt\/uniao-santarem\/wp-json\/wp\/v2\/comments?post=1838"}],"version-history":[{"count":2,"href":"https:\/\/sindicatos.cgtp.pt\/uniao-santarem\/wp-json\/wp\/v2\/posts\/1838\/revisions"}],"predecessor-version":[{"id":1841,"href":"https:\/\/sindicatos.cgtp.pt\/uniao-santarem\/wp-json\/wp\/v2\/posts\/1838\/revisions\/1841"}],"wp:featuredmedia":[{"embeddable":true,"href":"https:\/\/sindicatos.cgtp.pt\/uniao-santarem\/wp-json\/wp\/v2\/media\/1839"}],"wp:attachment":[{"href":"https:\/\/sindicatos.cgtp.pt\/uniao-santarem\/wp-json\/wp\/v2\/media?parent=1838"}],"wp:term":[{"taxonomy":"category","embeddable":true,"href":"https:\/\/sindicatos.cgtp.pt\/uniao-santarem\/wp-json\/wp\/v2\/categories?post=1838"},{"taxonomy":"post_tag","embeddable":true,"href":"https:\/\/sindicatos.cgtp.pt\/uniao-santarem\/wp-json\/wp\/v2\/tags?post=1838"}],"curies":[{"name":"wp","href":"https:\/\/api.w.org\/{rel}","templated":true}]}}