{"id":1871,"date":"2019-03-22T17:15:21","date_gmt":"2019-03-22T17:15:21","guid":{"rendered":"http:\/\/sindicatos.cgtp.pt\/uniao-santarem\/?p=1871"},"modified":"2019-03-22T17:15:21","modified_gmt":"2019-03-22T17:15:21","slug":"greve-do-pessoal-nao-docente-encerra-dezenas-de-escolas","status":"publish","type":"post","link":"https:\/\/sindicatos.cgtp.pt\/uniao-santarem\/2019\/03\/22\/greve-do-pessoal-nao-docente-encerra-dezenas-de-escolas\/","title":{"rendered":"Greve do Pessoal n\u00e3o docente encerra dezenas de escolas"},"content":{"rendered":"<p>Realizou-se ontem dia 21 de Mar\u00e7o e hoje dia 22 de Mar\u00e7o, a greve do pessoal n\u00e3o docente das escolas. Uma greve que s\u00f3 hoje no distrito de Santar\u00e9m encerrou 80 escolas.<!--more--><\/p>\n<p>A jornada de luta convocada pela Federa\u00e7\u00e3o dos Sindicatos da Fun\u00e7\u00e3o P\u00fablica teve grande ades\u00e3o nos dois dias, fazendo-se a mesma sentir com maior intensidade no dia de hoje, um pouco por cada concelho do distrito de Santar\u00e9m.<\/p>\n<p>Os concelhos que registaram maiores n\u00fameros de ades\u00e3o \u00e0 greve foram os de Coruche, Torres Novas, Alpiar\u00e7a, Santar\u00e9m e Benavente. A titulo de exemplo salientar que em Coruche vila (sede de concelho) nenhuma das escolas esteve em aulas.<\/p>\n<p>Os trabalhadores n\u00e3o docentes da administra\u00e7\u00e3o p\u00fablica reivindicam um aumento digno dos sal\u00e1rios e a contrata\u00e7\u00e3o de mais pessoal necess\u00e1rio ao funcionamento m\u00ednimo das escolas.<\/p>\n","protected":false},"excerpt":{"rendered":"<p>Realizou-se ontem dia 21 de Mar\u00e7o e hoje dia 22 de Mar\u00e7o, a greve do pessoal n\u00e3o docente das escolas. Uma greve que s\u00f3 hoje no distrito de Santar\u00e9m encerrou 80 escolas.<\/p>\n","protected":false},"author":30,"featured_media":1600,"comment_status":"open","ping_status":"open","sticky":false,"template":"","format":"standard","meta":{"footnotes":""},"categories":[4,2,1],"tags":[],"class_list":["post-1871","post","type-post","status-publish","format-standard","has-post-thumbnail","hentry","category-accao-sindical","category-destaques","category-noticias"],"_links":{"self":[{"href":"https:\/\/sindicatos.cgtp.pt\/uniao-santarem\/wp-json\/wp\/v2\/posts\/1871","targetHints":{"allow":["GET"]}}],"collection":[{"href":"https:\/\/sindicatos.cgtp.pt\/uniao-santarem\/wp-json\/wp\/v2\/posts"}],"about":[{"href":"https:\/\/sindicatos.cgtp.pt\/uniao-santarem\/wp-json\/wp\/v2\/types\/post"}],"author":[{"embeddable":true,"href":"https:\/\/sindicatos.cgtp.pt\/uniao-santarem\/wp-json\/wp\/v2\/users\/30"}],"replies":[{"embeddable":true,"href":"https:\/\/sindicatos.cgtp.pt\/uniao-santarem\/wp-json\/wp\/v2\/comments?post=1871"}],"version-history":[{"count":1,"href":"https:\/\/sindicatos.cgtp.pt\/uniao-santarem\/wp-json\/wp\/v2\/posts\/1871\/revisions"}],"predecessor-version":[{"id":1872,"href":"https:\/\/sindicatos.cgtp.pt\/uniao-santarem\/wp-json\/wp\/v2\/posts\/1871\/revisions\/1872"}],"wp:featuredmedia":[{"embeddable":true,"href":"https:\/\/sindicatos.cgtp.pt\/uniao-santarem\/wp-json\/wp\/v2\/media\/1600"}],"wp:attachment":[{"href":"https:\/\/sindicatos.cgtp.pt\/uniao-santarem\/wp-json\/wp\/v2\/media?parent=1871"}],"wp:term":[{"taxonomy":"category","embeddable":true,"href":"https:\/\/sindicatos.cgtp.pt\/uniao-santarem\/wp-json\/wp\/v2\/categories?post=1871"},{"taxonomy":"post_tag","embeddable":true,"href":"https:\/\/sindicatos.cgtp.pt\/uniao-santarem\/wp-json\/wp\/v2\/tags?post=1871"}],"curies":[{"name":"wp","href":"https:\/\/api.w.org\/{rel}","templated":true}]}}