{"id":23,"date":"2013-03-13T16:41:35","date_gmt":"2013-03-13T16:41:35","guid":{"rendered":"http:\/\/sindicatos.redelocal\/tpl-sindicato\/?p=23"},"modified":"2013-04-23T19:24:36","modified_gmt":"2013-04-23T19:24:36","slug":"novo-sitio-do-sindicato","status":"publish","type":"post","link":"https:\/\/sindicatos.cgtp.pt\/uniao-santarem\/2013\/03\/13\/novo-sitio-do-sindicato\/","title":{"rendered":"1\u00ba de Maio em Santar\u00e9m"},"content":{"rendered":"<p>Aproxima-se mais uma vez o 1\u00ba de Maio.<\/p>\n<p>Sendo que este deve ser um grande dia de festa e de luta para todo o movimento sindical e para todos os trabalhadores, a Uni\u00e3o dos Sindicatos de Santar\u00e9m ir\u00e1 promover as comemora\u00e7\u00f5es no Jardim da rep\u00fablica, cidade de Santar\u00e9m, com o seguinte programa:<\/p>\n<p>&#8211; 11h &#8211; 16h: Manh\u00e3 infantil com insuflavel, jogos tradicionais e pinturas &#8211; Jardim da Rep\u00fablica<\/p>\n<p>&#8211; 15h: Concentra\u00e7\u00e3o e desfile desde o Largo C\u00e2ndido dos Reis(junto ao w-shoping) at\u00e9 ao Jardim da Rep\u00fablica<\/p>\n<p>&#8211; 16h: Interven\u00e7\u00f5es politico-sindicais<\/p>\n<p>&#8211; 16h:30m &#8211; Concerto com Jo\u00e3o Nogueira( temas relacionados com o 1\u00ba de Maio)<\/p>\n<p>No espa\u00e7o haver\u00e1 ainda uma tasquinha com comes e bebes.<\/p>\n<p>De forma a possibilitar a participa\u00e7\u00e3o de todos a USS\/CGTP-IN ir\u00e1 ter autocarros organizados com partidas de Mouriscas, Samora Correia, Alpiar\u00e7a e Tomar.<\/p>\n<p><!--more--><\/p>\n","protected":false},"excerpt":{"rendered":"<p>Aproxima-se mais uma vez o 1\u00ba de Maio. Sendo que este deve ser um grande dia de festa e de luta para todo o movimento sindical e para todos os trabalhadores, a Uni\u00e3o dos Sindicatos de Santar\u00e9m ir\u00e1 promover as comemora\u00e7\u00f5es no Jardim da rep\u00fablica,<\/p>\n","protected":false},"author":1,"featured_media":110,"comment_status":"closed","ping_status":"open","sticky":false,"template":"","format":"standard","meta":{"footnotes":""},"categories":[12,2],"tags":[21,22,23],"class_list":["post-23","post","type-post","status-publish","format-standard","has-post-thumbnail","hentry","category-cartazes","category-destaques","tag-1o-de-maio","tag-dia-do-trabalhador","tag-feriado-nacional"],"_links":{"self":[{"href":"https:\/\/sindicatos.cgtp.pt\/uniao-santarem\/wp-json\/wp\/v2\/posts\/23","targetHints":{"allow":["GET"]}}],"collection":[{"href":"https:\/\/sindicatos.cgtp.pt\/uniao-santarem\/wp-json\/wp\/v2\/posts"}],"about":[{"href":"https:\/\/sindicatos.cgtp.pt\/uniao-santarem\/wp-json\/wp\/v2\/types\/post"}],"author":[{"embeddable":true,"href":"https:\/\/sindicatos.cgtp.pt\/uniao-santarem\/wp-json\/wp\/v2\/users\/1"}],"replies":[{"embeddable":true,"href":"https:\/\/sindicatos.cgtp.pt\/uniao-santarem\/wp-json\/wp\/v2\/comments?post=23"}],"version-history":[{"count":24,"href":"https:\/\/sindicatos.cgtp.pt\/uniao-santarem\/wp-json\/wp\/v2\/posts\/23\/revisions"}],"predecessor-version":[{"id":190,"href":"https:\/\/sindicatos.cgtp.pt\/uniao-santarem\/wp-json\/wp\/v2\/posts\/23\/revisions\/190"}],"wp:featuredmedia":[{"embeddable":true,"href":"https:\/\/sindicatos.cgtp.pt\/uniao-santarem\/wp-json\/wp\/v2\/media\/110"}],"wp:attachment":[{"href":"https:\/\/sindicatos.cgtp.pt\/uniao-santarem\/wp-json\/wp\/v2\/media?parent=23"}],"wp:term":[{"taxonomy":"category","embeddable":true,"href":"https:\/\/sindicatos.cgtp.pt\/uniao-santarem\/wp-json\/wp\/v2\/categories?post=23"},{"taxonomy":"post_tag","embeddable":true,"href":"https:\/\/sindicatos.cgtp.pt\/uniao-santarem\/wp-json\/wp\/v2\/tags?post=23"}],"curies":[{"name":"wp","href":"https:\/\/api.w.org\/{rel}","templated":true}]}}