{"id":332,"date":"2013-05-10T14:56:23","date_gmt":"2013-05-10T14:56:23","guid":{"rendered":"http:\/\/sindicatos.cgtp.pt\/uniao-santarem\/?p=332"},"modified":"2013-05-28T21:16:10","modified_gmt":"2013-05-28T21:16:10","slug":"trabalhadores-do-chmt-em-luta","status":"publish","type":"post","link":"https:\/\/sindicatos.cgtp.pt\/uniao-santarem\/2013\/05\/10\/trabalhadores-do-chmt-em-luta\/","title":{"rendered":"Trabalhadores do CHMT em luta"},"content":{"rendered":"<p>Realizou-se esta manh\u00e3 junto ao Hospital de Torres Novas uma concentra\u00e7\u00e3o de trabalhadores do Centro Hospitalar do M\u00e9dio Tejo (CHMT).<\/p>\n<p>A concentra\u00e7\u00e3o convocada pelo Sindicato dos Trabalhadores da Fun\u00e7\u00e3o P\u00fablica contou com 40 participantes, representantes da USS\/CGTP-IN e da Comiss\u00e3o de Utentes do CHMT.<!--more--><\/p>\n<p>A iniciativa teve como primeiro objectivo denunciar e contestar o encerramento de servi\u00e7os de especialidade m\u00e9dica no CHMT , o que mete em causa a qualidade do Servi\u00e7o Nacional de Sa\u00fade naquela unidade hospitalar e sobretudo prejudica os utentes.<\/p>\n<p>O Sindicato e os trabalhadores contestaram ainda as condi\u00e7\u00f5es de trabalho no CHMT, a mobilidade for\u00e7ada a que est\u00e3o sujeitos e as mais recentes medidas anunciadas pelo governo como forma de reduzir a despesa.<\/p>\n<p>No final da iniciativa foi assumido pelos trabalhadores presentes a vontade de continuar a lutar para derrotar este governo e a sua politica de &#8220;terrorismo social&#8221; pois essa \u00e9 a \u00fanica forma de defender o Servi\u00e7o Nacional de Sa\u00fade, os postos de trabalho do CHMT e os direitos que Abril conquistou tamb\u00e9m para aqueles trabalhadores.<\/p>\n<p>A luta ir\u00e1 ent\u00e3o continuar tamb\u00e9m com os trabalhadores do CHMT na grande concentra\u00e7\u00e3o de 25 de Maio em Bel\u00e9m para exigir a demiss\u00e3o do governo e no dia 30 de Maio (Feriado de corpo de Deus) com\u00a0 iniciativas nos locais de trabalho a contestar o primeiro dia de feriado que PSD e CDS roubaram aos trabalhadores.<\/p>\n","protected":false},"excerpt":{"rendered":"<p>Realizou-se esta manh\u00e3 junto ao Hospital de Torres Novas uma concentra\u00e7\u00e3o de trabalhadores do Centro Hospitalar do M\u00e9dio Tejo (CHMT). A concentra\u00e7\u00e3o convocada pelo Sindicato dos Trabalhadores da Fun\u00e7\u00e3o P\u00fablica contou com 40 participantes, representantes da USS\/CGTP-IN e da Comiss\u00e3o de Utentes do CHMT.<\/p>\n","protected":false},"author":30,"featured_media":333,"comment_status":"closed","ping_status":"open","sticky":false,"template":"","format":"standard","meta":{"footnotes":""},"categories":[1],"tags":[],"class_list":["post-332","post","type-post","status-publish","format-standard","has-post-thumbnail","hentry","category-noticias"],"_links":{"self":[{"href":"https:\/\/sindicatos.cgtp.pt\/uniao-santarem\/wp-json\/wp\/v2\/posts\/332","targetHints":{"allow":["GET"]}}],"collection":[{"href":"https:\/\/sindicatos.cgtp.pt\/uniao-santarem\/wp-json\/wp\/v2\/posts"}],"about":[{"href":"https:\/\/sindicatos.cgtp.pt\/uniao-santarem\/wp-json\/wp\/v2\/types\/post"}],"author":[{"embeddable":true,"href":"https:\/\/sindicatos.cgtp.pt\/uniao-santarem\/wp-json\/wp\/v2\/users\/30"}],"replies":[{"embeddable":true,"href":"https:\/\/sindicatos.cgtp.pt\/uniao-santarem\/wp-json\/wp\/v2\/comments?post=332"}],"version-history":[{"count":4,"href":"https:\/\/sindicatos.cgtp.pt\/uniao-santarem\/wp-json\/wp\/v2\/posts\/332\/revisions"}],"predecessor-version":[{"id":382,"href":"https:\/\/sindicatos.cgtp.pt\/uniao-santarem\/wp-json\/wp\/v2\/posts\/332\/revisions\/382"}],"wp:featuredmedia":[{"embeddable":true,"href":"https:\/\/sindicatos.cgtp.pt\/uniao-santarem\/wp-json\/wp\/v2\/media\/333"}],"wp:attachment":[{"href":"https:\/\/sindicatos.cgtp.pt\/uniao-santarem\/wp-json\/wp\/v2\/media?parent=332"}],"wp:term":[{"taxonomy":"category","embeddable":true,"href":"https:\/\/sindicatos.cgtp.pt\/uniao-santarem\/wp-json\/wp\/v2\/categories?post=332"},{"taxonomy":"post_tag","embeddable":true,"href":"https:\/\/sindicatos.cgtp.pt\/uniao-santarem\/wp-json\/wp\/v2\/tags?post=332"}],"curies":[{"name":"wp","href":"https:\/\/api.w.org\/{rel}","templated":true}]}}