{"id":418,"date":"2013-06-07T22:54:34","date_gmt":"2013-06-07T22:54:34","guid":{"rendered":"http:\/\/sindicatos.cgtp.pt\/uniao-santarem\/?p=418"},"modified":"2013-06-07T23:04:35","modified_gmt":"2013-06-07T23:04:35","slug":"trabalhadores-dos-ctt-em-luta","status":"publish","type":"post","link":"https:\/\/sindicatos.cgtp.pt\/uniao-santarem\/2013\/06\/07\/trabalhadores-dos-ctt-em-luta\/","title":{"rendered":"Trabalhadores dos CTT em Luta"},"content":{"rendered":"<p>Hoje realizou a greve dos trabalhadores dos CTT.<\/p>\n<p>Esta greve com uma <strong>ades\u00e3o esmagadora de 84,7%<\/strong> revelou claramente a disponibilidade destes trabalhadores para lutarem contra a privatiza\u00e7\u00e3o da empresa, pela manuten\u00e7\u00e3o dos seus postos de trabalho e pela defesa de um servi\u00e7o postal p\u00fablico com a dignidade que o Pa\u00eds merece.<!--more--><\/p>\n<p>Tamb\u00e9m no distrito de Santar\u00e9m a ac\u00e7\u00e3o teve ades\u00f5es bastante significativas como s\u00e3o exemplo os centros de distribui\u00e7\u00e3o de Tomar que funcionou s\u00f3 com as chefias e o centro de distribui\u00e7\u00e3o de Santar\u00e9m onde entre 49 carteiros apenas tr\u00eas n\u00e3o aderiram \u00e0 greve.<\/p>\n<p>Apesar da press\u00e3o e da imposi\u00e7\u00e3o de servi\u00e7os m\u00ednimos (m\u00e1ximos) foi poss\u00edvel realizar esta grande jornada de luta, n\u00e3o podendo tamb\u00e9m por\u00a0 esse motivo a USS\/CGTP-IN deixar de saudar o SNTCT e todos os trabalhadores dos CTT que com a sua luta contribuem para a derrota do governo PSD\/CDS, defendem um servi\u00e7o p\u00fablico e servem de exemplo para que muitos outros milhares de trabalhadores participem na luta nomeadamente na Greve Geral de 27 de Junho.<\/p>\n<p>&nbsp;<\/p>\n","protected":false},"excerpt":{"rendered":"<p>Hoje realizou a greve dos trabalhadores dos CTT. Esta greve com uma ades\u00e3o esmagadora de 84,7% revelou claramente a disponibilidade destes trabalhadores para lutarem contra a privatiza\u00e7\u00e3o da empresa, pela manuten\u00e7\u00e3o dos seus postos de trabalho e pela defesa de um servi\u00e7o postal p\u00fablico com<\/p>\n","protected":false},"author":30,"featured_media":379,"comment_status":"closed","ping_status":"open","sticky":false,"template":"","format":"standard","meta":{"footnotes":""},"categories":[2,1],"tags":[],"class_list":["post-418","post","type-post","status-publish","format-standard","has-post-thumbnail","hentry","category-destaques","category-noticias"],"_links":{"self":[{"href":"https:\/\/sindicatos.cgtp.pt\/uniao-santarem\/wp-json\/wp\/v2\/posts\/418","targetHints":{"allow":["GET"]}}],"collection":[{"href":"https:\/\/sindicatos.cgtp.pt\/uniao-santarem\/wp-json\/wp\/v2\/posts"}],"about":[{"href":"https:\/\/sindicatos.cgtp.pt\/uniao-santarem\/wp-json\/wp\/v2\/types\/post"}],"author":[{"embeddable":true,"href":"https:\/\/sindicatos.cgtp.pt\/uniao-santarem\/wp-json\/wp\/v2\/users\/30"}],"replies":[{"embeddable":true,"href":"https:\/\/sindicatos.cgtp.pt\/uniao-santarem\/wp-json\/wp\/v2\/comments?post=418"}],"version-history":[{"count":4,"href":"https:\/\/sindicatos.cgtp.pt\/uniao-santarem\/wp-json\/wp\/v2\/posts\/418\/revisions"}],"predecessor-version":[{"id":420,"href":"https:\/\/sindicatos.cgtp.pt\/uniao-santarem\/wp-json\/wp\/v2\/posts\/418\/revisions\/420"}],"wp:featuredmedia":[{"embeddable":true,"href":"https:\/\/sindicatos.cgtp.pt\/uniao-santarem\/wp-json\/wp\/v2\/media\/379"}],"wp:attachment":[{"href":"https:\/\/sindicatos.cgtp.pt\/uniao-santarem\/wp-json\/wp\/v2\/media?parent=418"}],"wp:term":[{"taxonomy":"category","embeddable":true,"href":"https:\/\/sindicatos.cgtp.pt\/uniao-santarem\/wp-json\/wp\/v2\/categories?post=418"},{"taxonomy":"post_tag","embeddable":true,"href":"https:\/\/sindicatos.cgtp.pt\/uniao-santarem\/wp-json\/wp\/v2\/tags?post=418"}],"curies":[{"name":"wp","href":"https:\/\/api.w.org\/{rel}","templated":true}]}}