{"id":657,"date":"2013-12-23T11:58:02","date_gmt":"2013-12-23T11:58:02","guid":{"rendered":"http:\/\/sindicatos.cgtp.pt\/uniao-santarem\/?p=657"},"modified":"2013-12-23T11:59:50","modified_gmt":"2013-12-23T11:59:50","slug":"balanco-da-semana-de-luta-de-16-a-20-dezembro","status":"publish","type":"post","link":"https:\/\/sindicatos.cgtp.pt\/uniao-santarem\/2013\/12\/23\/balanco-da-semana-de-luta-de-16-a-20-dezembro\/","title":{"rendered":"Balan\u00e7o da Semana de Luta de 16 a 20 Dezembro"},"content":{"rendered":"<p>No rescaldo da semana de luta de 16 a 20 de Dezembro convocada pela CGTP-IN, julgamos poder afirmar que foi uma semana de luta marcada pela determina\u00e7\u00e3o tamb\u00e9m dos trabalhadores do distrito de Santar\u00e9m em mudar de politica e de governo.<!--more--><\/p>\n<p>Uma vontade e uma determina\u00e7\u00e3o que nem por ser \u00e9poca natalicia se deixaram afectar, bem pelo contr\u00e1rio quer nodia 17 de Dezembro no Cord\u00e3o humano em Torres Novas, quer no dia 19 de Dezembro na Vigilia no Pal\u00e1cio de Bel\u00e9m a vontade de lutar por no futuro ser poss\u00edvel ter Natais mais felizes foi mais forte.<\/p>\n<p>Abaixo ficam algumas imagens de ambos os momentos e a certeza que em Janeiro a luta vai continuar.<\/p>\n<p><strong>Cord\u00e3o Humano em Torres Novas- 17 de Dezembro<\/strong><\/p>\n<p style=\"text-align: center\"><a href=\"https:\/\/sindicatos.cgtp.pt\/uniao-santarem\/wp-content\/blogs.dir\/37\/files\/sites\/37\/2013\/12\/SAM_0731.jpg\"><img loading=\"lazy\" decoding=\"async\" class=\"size-medium wp-image-658 aligncenter\" alt=\"SAM_0731\" src=\"https:\/\/sindicatos.cgtp.pt\/uniao-santarem\/wp-content\/blogs.dir\/37\/files\/sites\/37\/2013\/12\/SAM_0731-240x180.jpg\" width=\"334\" height=\"250\" srcset=\"https:\/\/sindicatos.cgtp.pt\/uniao-santarem\/wp-content\/blogs.dir\/37\/files\/sites\/37\/2013\/12\/SAM_0731-240x180.jpg 240w, https:\/\/sindicatos.cgtp.pt\/uniao-santarem\/wp-content\/blogs.dir\/37\/files\/sites\/37\/2013\/12\/SAM_0731-800x600.jpg 800w, https:\/\/sindicatos.cgtp.pt\/uniao-santarem\/wp-content\/blogs.dir\/37\/files\/sites\/37\/2013\/12\/SAM_0731-160x120.jpg 160w\" sizes=\"auto, (max-width: 334px) 100vw, 334px\" \/><\/a><\/p>\n<p style=\"text-align: center\"><a href=\"https:\/\/sindicatos.cgtp.pt\/uniao-santarem\/wp-content\/blogs.dir\/37\/files\/sites\/37\/2013\/12\/SAM_0748.jpg\"><img loading=\"lazy\" decoding=\"async\" class=\"size-medium wp-image-659 aligncenter\" alt=\"SAM_0748\" src=\"https:\/\/sindicatos.cgtp.pt\/uniao-santarem\/wp-content\/blogs.dir\/37\/files\/sites\/37\/2013\/12\/SAM_0748-240x180.jpg\" width=\"333\" height=\"248\" srcset=\"https:\/\/sindicatos.cgtp.pt\/uniao-santarem\/wp-content\/blogs.dir\/37\/files\/sites\/37\/2013\/12\/SAM_0748-240x180.jpg 240w, https:\/\/sindicatos.cgtp.pt\/uniao-santarem\/wp-content\/blogs.dir\/37\/files\/sites\/37\/2013\/12\/SAM_0748-160x120.jpg 160w\" sizes=\"auto, (max-width: 333px) 100vw, 333px\" \/><\/a><\/p>\n<p style=\"text-align: center\"><a href=\"https:\/\/sindicatos.cgtp.pt\/uniao-santarem\/wp-content\/blogs.dir\/37\/files\/sites\/37\/2013\/12\/SAM_0749.jpg\"><img loading=\"lazy\" decoding=\"async\" class=\"size-medium wp-image-660 aligncenter\" alt=\"SAM_0749\" src=\"https:\/\/sindicatos.cgtp.pt\/uniao-santarem\/wp-content\/blogs.dir\/37\/files\/sites\/37\/2013\/12\/SAM_0749-240x180.jpg\" width=\"330\" height=\"247\" srcset=\"https:\/\/sindicatos.cgtp.pt\/uniao-santarem\/wp-content\/blogs.dir\/37\/files\/sites\/37\/2013\/12\/SAM_0749-240x180.jpg 240w, https:\/\/sindicatos.cgtp.pt\/uniao-santarem\/wp-content\/blogs.dir\/37\/files\/sites\/37\/2013\/12\/SAM_0749-800x600.jpg 800w, https:\/\/sindicatos.cgtp.pt\/uniao-santarem\/wp-content\/blogs.dir\/37\/files\/sites\/37\/2013\/12\/SAM_0749-160x120.jpg 160w\" sizes=\"auto, (max-width: 330px) 100vw, 330px\" \/><\/a><\/p>\n<p style=\"text-align: center\"><a href=\"https:\/\/sindicatos.cgtp.pt\/uniao-santarem\/wp-content\/blogs.dir\/37\/files\/sites\/37\/2013\/12\/SAM_0769.jpg\"><img loading=\"lazy\" decoding=\"async\" class=\"size-medium wp-image-661 aligncenter\" alt=\"SAM_0769\" src=\"https:\/\/sindicatos.cgtp.pt\/uniao-santarem\/wp-content\/blogs.dir\/37\/files\/sites\/37\/2013\/12\/SAM_0769-240x180.jpg\" width=\"328\" height=\"246\" srcset=\"https:\/\/sindicatos.cgtp.pt\/uniao-santarem\/wp-content\/blogs.dir\/37\/files\/sites\/37\/2013\/12\/SAM_0769-240x180.jpg 240w, https:\/\/sindicatos.cgtp.pt\/uniao-santarem\/wp-content\/blogs.dir\/37\/files\/sites\/37\/2013\/12\/SAM_0769-800x600.jpg 800w, https:\/\/sindicatos.cgtp.pt\/uniao-santarem\/wp-content\/blogs.dir\/37\/files\/sites\/37\/2013\/12\/SAM_0769-160x120.jpg 160w\" sizes=\"auto, (max-width: 328px) 100vw, 328px\" \/><\/a><\/p>\n<p style=\"text-align: center\"><a href=\"https:\/\/sindicatos.cgtp.pt\/uniao-santarem\/wp-content\/blogs.dir\/37\/files\/sites\/37\/2013\/12\/SAM_0770.jpg\"><img loading=\"lazy\" decoding=\"async\" class=\"size-medium wp-image-662 aligncenter\" alt=\"SAM_0770\" src=\"https:\/\/sindicatos.cgtp.pt\/uniao-santarem\/wp-content\/blogs.dir\/37\/files\/sites\/37\/2013\/12\/SAM_0770-240x180.jpg\" width=\"332\" height=\"249\" srcset=\"https:\/\/sindicatos.cgtp.pt\/uniao-santarem\/wp-content\/blogs.dir\/37\/files\/sites\/37\/2013\/12\/SAM_0770-240x180.jpg 240w, https:\/\/sindicatos.cgtp.pt\/uniao-santarem\/wp-content\/blogs.dir\/37\/files\/sites\/37\/2013\/12\/SAM_0770-800x600.jpg 800w, https:\/\/sindicatos.cgtp.pt\/uniao-santarem\/wp-content\/blogs.dir\/37\/files\/sites\/37\/2013\/12\/SAM_0770-160x120.jpg 160w\" sizes=\"auto, (max-width: 332px) 100vw, 332px\" \/><\/a><\/p>\n<p style=\"text-align: center\"><a href=\"https:\/\/sindicatos.cgtp.pt\/uniao-santarem\/wp-content\/blogs.dir\/37\/files\/sites\/37\/2013\/12\/SAM_0776.jpg\"><img loading=\"lazy\" decoding=\"async\" class=\"size-medium wp-image-663 aligncenter\" alt=\"SAM_0776\" src=\"https:\/\/sindicatos.cgtp.pt\/uniao-santarem\/wp-content\/blogs.dir\/37\/files\/sites\/37\/2013\/12\/SAM_0776-240x180.jpg\" width=\"332\" height=\"249\" srcset=\"https:\/\/sindicatos.cgtp.pt\/uniao-santarem\/wp-content\/blogs.dir\/37\/files\/sites\/37\/2013\/12\/SAM_0776-240x180.jpg 240w, https:\/\/sindicatos.cgtp.pt\/uniao-santarem\/wp-content\/blogs.dir\/37\/files\/sites\/37\/2013\/12\/SAM_0776-800x600.jpg 800w, https:\/\/sindicatos.cgtp.pt\/uniao-santarem\/wp-content\/blogs.dir\/37\/files\/sites\/37\/2013\/12\/SAM_0776-160x120.jpg 160w\" sizes=\"auto, (max-width: 332px) 100vw, 332px\" \/><\/a><\/p>\n<p style=\"text-align: center\"><a href=\"https:\/\/sindicatos.cgtp.pt\/uniao-santarem\/wp-content\/blogs.dir\/37\/files\/sites\/37\/2013\/12\/SAM_0778.jpg\"><img loading=\"lazy\" decoding=\"async\" class=\"size-medium wp-image-664 aligncenter\" alt=\"SAM_0778\" src=\"https:\/\/sindicatos.cgtp.pt\/uniao-santarem\/wp-content\/blogs.dir\/37\/files\/sites\/37\/2013\/12\/SAM_0778-240x180.jpg\" width=\"333\" height=\"250\" srcset=\"https:\/\/sindicatos.cgtp.pt\/uniao-santarem\/wp-content\/blogs.dir\/37\/files\/sites\/37\/2013\/12\/SAM_0778-240x180.jpg 240w, https:\/\/sindicatos.cgtp.pt\/uniao-santarem\/wp-content\/blogs.dir\/37\/files\/sites\/37\/2013\/12\/SAM_0778-800x600.jpg 800w, https:\/\/sindicatos.cgtp.pt\/uniao-santarem\/wp-content\/blogs.dir\/37\/files\/sites\/37\/2013\/12\/SAM_0778-160x120.jpg 160w\" sizes=\"auto, (max-width: 333px) 100vw, 333px\" \/><\/a><\/p>\n<p style=\"text-align: center\"><a href=\"https:\/\/sindicatos.cgtp.pt\/uniao-santarem\/wp-content\/blogs.dir\/37\/files\/sites\/37\/2013\/12\/SAM_0779.jpg\"><img loading=\"lazy\" decoding=\"async\" class=\"size-medium wp-image-665 aligncenter\" alt=\"SAM_0779\" src=\"https:\/\/sindicatos.cgtp.pt\/uniao-santarem\/wp-content\/blogs.dir\/37\/files\/sites\/37\/2013\/12\/SAM_0779-240x180.jpg\" width=\"332\" height=\"249\" srcset=\"https:\/\/sindicatos.cgtp.pt\/uniao-santarem\/wp-content\/blogs.dir\/37\/files\/sites\/37\/2013\/12\/SAM_0779-240x180.jpg 240w, https:\/\/sindicatos.cgtp.pt\/uniao-santarem\/wp-content\/blogs.dir\/37\/files\/sites\/37\/2013\/12\/SAM_0779-800x600.jpg 800w, https:\/\/sindicatos.cgtp.pt\/uniao-santarem\/wp-content\/blogs.dir\/37\/files\/sites\/37\/2013\/12\/SAM_0779-160x120.jpg 160w\" sizes=\"auto, (max-width: 332px) 100vw, 332px\" \/><\/a><\/p>\n<p style=\"text-align: center\"><a href=\"https:\/\/sindicatos.cgtp.pt\/uniao-santarem\/wp-content\/blogs.dir\/37\/files\/sites\/37\/2013\/12\/SAM_0781.jpg\"><img loading=\"lazy\" decoding=\"async\" class=\"size-medium wp-image-666 aligncenter\" alt=\"SAM_0781\" src=\"https:\/\/sindicatos.cgtp.pt\/uniao-santarem\/wp-content\/blogs.dir\/37\/files\/sites\/37\/2013\/12\/SAM_0781-240x180.jpg\" width=\"330\" height=\"248\" srcset=\"https:\/\/sindicatos.cgtp.pt\/uniao-santarem\/wp-content\/blogs.dir\/37\/files\/sites\/37\/2013\/12\/SAM_0781-240x180.jpg 240w, https:\/\/sindicatos.cgtp.pt\/uniao-santarem\/wp-content\/blogs.dir\/37\/files\/sites\/37\/2013\/12\/SAM_0781-800x600.jpg 800w, https:\/\/sindicatos.cgtp.pt\/uniao-santarem\/wp-content\/blogs.dir\/37\/files\/sites\/37\/2013\/12\/SAM_0781-160x120.jpg 160w\" sizes=\"auto, (max-width: 330px) 100vw, 330px\" \/><\/a><\/p>\n<p style=\"text-align: center\"><a href=\"https:\/\/sindicatos.cgtp.pt\/uniao-santarem\/wp-content\/blogs.dir\/37\/files\/sites\/37\/2013\/12\/SAM_0786.jpg\"><img loading=\"lazy\" decoding=\"async\" class=\"size-medium wp-image-667 aligncenter\" alt=\"SAM_0786\" src=\"https:\/\/sindicatos.cgtp.pt\/uniao-santarem\/wp-content\/blogs.dir\/37\/files\/sites\/37\/2013\/12\/SAM_0786-240x180.jpg\" width=\"329\" height=\"247\" srcset=\"https:\/\/sindicatos.cgtp.pt\/uniao-santarem\/wp-content\/blogs.dir\/37\/files\/sites\/37\/2013\/12\/SAM_0786-240x180.jpg 240w, https:\/\/sindicatos.cgtp.pt\/uniao-santarem\/wp-content\/blogs.dir\/37\/files\/sites\/37\/2013\/12\/SAM_0786-800x600.jpg 800w, https:\/\/sindicatos.cgtp.pt\/uniao-santarem\/wp-content\/blogs.dir\/37\/files\/sites\/37\/2013\/12\/SAM_0786-160x120.jpg 160w, https:\/\/sindicatos.cgtp.pt\/uniao-santarem\/wp-content\/blogs.dir\/37\/files\/sites\/37\/2013\/12\/SAM_0786.jpg 1984w\" sizes=\"auto, (max-width: 329px) 100vw, 329px\" \/><\/a><\/p>\n<p style=\"text-align: center\"><a href=\"https:\/\/sindicatos.cgtp.pt\/uniao-santarem\/wp-content\/blogs.dir\/37\/files\/sites\/37\/2013\/12\/SAM_0788.jpg\"><img loading=\"lazy\" decoding=\"async\" class=\"size-medium wp-image-668 aligncenter\" alt=\"SAM_0788\" src=\"https:\/\/sindicatos.cgtp.pt\/uniao-santarem\/wp-content\/blogs.dir\/37\/files\/sites\/37\/2013\/12\/SAM_0788-240x180.jpg\" width=\"331\" height=\"248\" srcset=\"https:\/\/sindicatos.cgtp.pt\/uniao-santarem\/wp-content\/blogs.dir\/37\/files\/sites\/37\/2013\/12\/SAM_0788-240x180.jpg 240w, https:\/\/sindicatos.cgtp.pt\/uniao-santarem\/wp-content\/blogs.dir\/37\/files\/sites\/37\/2013\/12\/SAM_0788-800x600.jpg 800w, https:\/\/sindicatos.cgtp.pt\/uniao-santarem\/wp-content\/blogs.dir\/37\/files\/sites\/37\/2013\/12\/SAM_0788-160x120.jpg 160w\" sizes=\"auto, (max-width: 331px) 100vw, 331px\" \/><\/a><\/p>\n<p style=\"text-align: center\"><iframe loading=\"lazy\" width=\"425\" height=\"344\" src=\"http:\/\/www.youtube.com\/embed\/KDsZgqfHkFI?wmode=transparent\" frameborder=\"0\" allowfullscreen> <\/iframe><\/p>\n<p>&nbsp;<\/p>\n<p><strong>Vigilia no Pal\u00e1cio de Bel\u00e9m- 19 de Dezembro<\/strong><\/p>\n<p style=\"text-align: center\"><a href=\"https:\/\/sindicatos.cgtp.pt\/uniao-santarem\/wp-content\/blogs.dir\/37\/files\/sites\/37\/2013\/12\/SAM_0789.jpg\"><img loading=\"lazy\" decoding=\"async\" class=\"size-medium wp-image-669 aligncenter\" alt=\"SAM_0789\" src=\"https:\/\/sindicatos.cgtp.pt\/uniao-santarem\/wp-content\/blogs.dir\/37\/files\/sites\/37\/2013\/12\/SAM_0789-240x180.jpg\" width=\"332\" height=\"248\" srcset=\"https:\/\/sindicatos.cgtp.pt\/uniao-santarem\/wp-content\/blogs.dir\/37\/files\/sites\/37\/2013\/12\/SAM_0789-240x180.jpg 240w, https:\/\/sindicatos.cgtp.pt\/uniao-santarem\/wp-content\/blogs.dir\/37\/files\/sites\/37\/2013\/12\/SAM_0789-800x600.jpg 800w, https:\/\/sindicatos.cgtp.pt\/uniao-santarem\/wp-content\/blogs.dir\/37\/files\/sites\/37\/2013\/12\/SAM_0789-160x120.jpg 160w\" sizes=\"auto, (max-width: 332px) 100vw, 332px\" \/><\/a><\/p>\n<p style=\"text-align: center\"><a href=\"https:\/\/sindicatos.cgtp.pt\/uniao-santarem\/wp-content\/blogs.dir\/37\/files\/sites\/37\/2013\/12\/SAM_0791.jpg\"><img loading=\"lazy\" decoding=\"async\" class=\"size-medium wp-image-670 aligncenter\" alt=\"SAM_0791\" src=\"https:\/\/sindicatos.cgtp.pt\/uniao-santarem\/wp-content\/blogs.dir\/37\/files\/sites\/37\/2013\/12\/SAM_0791-240x180.jpg\" width=\"335\" height=\"250\" srcset=\"https:\/\/sindicatos.cgtp.pt\/uniao-santarem\/wp-content\/blogs.dir\/37\/files\/sites\/37\/2013\/12\/SAM_0791-240x180.jpg 240w, https:\/\/sindicatos.cgtp.pt\/uniao-santarem\/wp-content\/blogs.dir\/37\/files\/sites\/37\/2013\/12\/SAM_0791-800x600.jpg 800w, https:\/\/sindicatos.cgtp.pt\/uniao-santarem\/wp-content\/blogs.dir\/37\/files\/sites\/37\/2013\/12\/SAM_0791-160x120.jpg 160w\" sizes=\"auto, (max-width: 335px) 100vw, 335px\" \/><\/a><\/p>\n<p style=\"text-align: center\"><a href=\"https:\/\/sindicatos.cgtp.pt\/uniao-santarem\/wp-content\/blogs.dir\/37\/files\/sites\/37\/2013\/12\/SAM_0794.jpg\"><img loading=\"lazy\" decoding=\"async\" class=\"size-medium wp-image-671 aligncenter\" alt=\"SAM_0794\" src=\"https:\/\/sindicatos.cgtp.pt\/uniao-santarem\/wp-content\/blogs.dir\/37\/files\/sites\/37\/2013\/12\/SAM_0794-240x180.jpg\" width=\"332\" height=\"247\" srcset=\"https:\/\/sindicatos.cgtp.pt\/uniao-santarem\/wp-content\/blogs.dir\/37\/files\/sites\/37\/2013\/12\/SAM_0794-240x180.jpg 240w, https:\/\/sindicatos.cgtp.pt\/uniao-santarem\/wp-content\/blogs.dir\/37\/files\/sites\/37\/2013\/12\/SAM_0794-160x120.jpg 160w\" sizes=\"auto, (max-width: 332px) 100vw, 332px\" \/><\/a><\/p>\n<p style=\"text-align: center\"><a href=\"https:\/\/sindicatos.cgtp.pt\/uniao-santarem\/wp-content\/blogs.dir\/37\/files\/sites\/37\/2013\/12\/SAM_0796.jpg\"><img loading=\"lazy\" decoding=\"async\" class=\"size-medium wp-image-672 aligncenter\" alt=\"SAM_0796\" src=\"https:\/\/sindicatos.cgtp.pt\/uniao-santarem\/wp-content\/blogs.dir\/37\/files\/sites\/37\/2013\/12\/SAM_0796-240x180.jpg\" width=\"330\" height=\"246\" srcset=\"https:\/\/sindicatos.cgtp.pt\/uniao-santarem\/wp-content\/blogs.dir\/37\/files\/sites\/37\/2013\/12\/SAM_0796-240x180.jpg 240w, https:\/\/sindicatos.cgtp.pt\/uniao-santarem\/wp-content\/blogs.dir\/37\/files\/sites\/37\/2013\/12\/SAM_0796-160x120.jpg 160w\" sizes=\"auto, (max-width: 330px) 100vw, 330px\" \/><\/a><\/p>\n<p style=\"text-align: center\"><a href=\"https:\/\/sindicatos.cgtp.pt\/uniao-santarem\/wp-content\/blogs.dir\/37\/files\/sites\/37\/2013\/12\/SAM_0798.jpg\"><img loading=\"lazy\" decoding=\"async\" class=\"size-medium wp-image-673 aligncenter\" alt=\"SAM_0798\" src=\"https:\/\/sindicatos.cgtp.pt\/uniao-santarem\/wp-content\/blogs.dir\/37\/files\/sites\/37\/2013\/12\/SAM_0798-240x180.jpg\" width=\"329\" height=\"246\" srcset=\"https:\/\/sindicatos.cgtp.pt\/uniao-santarem\/wp-content\/blogs.dir\/37\/files\/sites\/37\/2013\/12\/SAM_0798-240x180.jpg 240w, https:\/\/sindicatos.cgtp.pt\/uniao-santarem\/wp-content\/blogs.dir\/37\/files\/sites\/37\/2013\/12\/SAM_0798-800x600.jpg 800w, https:\/\/sindicatos.cgtp.pt\/uniao-santarem\/wp-content\/blogs.dir\/37\/files\/sites\/37\/2013\/12\/SAM_0798-160x120.jpg 160w\" sizes=\"auto, (max-width: 329px) 100vw, 329px\" \/><\/a><\/p>\n<p style=\"text-align: center\"><a href=\"https:\/\/sindicatos.cgtp.pt\/uniao-santarem\/wp-content\/blogs.dir\/37\/files\/sites\/37\/2013\/12\/SAM_0799.jpg\"><img loading=\"lazy\" decoding=\"async\" class=\"size-medium wp-image-674 aligncenter\" alt=\"SAM_0799\" src=\"https:\/\/sindicatos.cgtp.pt\/uniao-santarem\/wp-content\/blogs.dir\/37\/files\/sites\/37\/2013\/12\/SAM_0799-240x180.jpg\" width=\"326\" height=\"242\" \/><\/a><\/p>\n<p style=\"text-align: center\"><a href=\"https:\/\/sindicatos.cgtp.pt\/uniao-santarem\/wp-content\/blogs.dir\/37\/files\/sites\/37\/2013\/12\/SAM_0801.jpg\"><img loading=\"lazy\" decoding=\"async\" class=\"size-medium wp-image-675 aligncenter\" alt=\"SAM_0801\" src=\"https:\/\/sindicatos.cgtp.pt\/uniao-santarem\/wp-content\/blogs.dir\/37\/files\/sites\/37\/2013\/12\/SAM_0801-240x180.jpg\" width=\"332\" height=\"247\" srcset=\"https:\/\/sindicatos.cgtp.pt\/uniao-santarem\/wp-content\/blogs.dir\/37\/files\/sites\/37\/2013\/12\/SAM_0801-240x180.jpg 240w, https:\/\/sindicatos.cgtp.pt\/uniao-santarem\/wp-content\/blogs.dir\/37\/files\/sites\/37\/2013\/12\/SAM_0801-160x120.jpg 160w\" sizes=\"auto, (max-width: 332px) 100vw, 332px\" \/><\/a><\/p>\n<p>&nbsp;<\/p>\n<p>&nbsp;<\/p>\n<p>&nbsp;<\/p>\n","protected":false},"excerpt":{"rendered":"<p>No rescaldo da semana de luta de 16 a 20 de Dezembro convocada pela CGTP-IN, julgamos poder afirmar que foi uma semana de luta marcada pela determina\u00e7\u00e3o tamb\u00e9m dos trabalhadores do distrito de Santar\u00e9m em mudar de politica e de governo.<\/p>\n","protected":false},"author":30,"featured_media":650,"comment_status":"open","ping_status":"open","sticky":false,"template":"","format":"standard","meta":{"footnotes":""},"categories":[2,1],"tags":[],"class_list":["post-657","post","type-post","status-publish","format-standard","has-post-thumbnail","hentry","category-destaques","category-noticias"],"_links":{"self":[{"href":"https:\/\/sindicatos.cgtp.pt\/uniao-santarem\/wp-json\/wp\/v2\/posts\/657","targetHints":{"allow":["GET"]}}],"collection":[{"href":"https:\/\/sindicatos.cgtp.pt\/uniao-santarem\/wp-json\/wp\/v2\/posts"}],"about":[{"href":"https:\/\/sindicatos.cgtp.pt\/uniao-santarem\/wp-json\/wp\/v2\/types\/post"}],"author":[{"embeddable":true,"href":"https:\/\/sindicatos.cgtp.pt\/uniao-santarem\/wp-json\/wp\/v2\/users\/30"}],"replies":[{"embeddable":true,"href":"https:\/\/sindicatos.cgtp.pt\/uniao-santarem\/wp-json\/wp\/v2\/comments?post=657"}],"version-history":[{"count":2,"href":"https:\/\/sindicatos.cgtp.pt\/uniao-santarem\/wp-json\/wp\/v2\/posts\/657\/revisions"}],"predecessor-version":[{"id":678,"href":"https:\/\/sindicatos.cgtp.pt\/uniao-santarem\/wp-json\/wp\/v2\/posts\/657\/revisions\/678"}],"wp:featuredmedia":[{"embeddable":true,"href":"https:\/\/sindicatos.cgtp.pt\/uniao-santarem\/wp-json\/wp\/v2\/media\/650"}],"wp:attachment":[{"href":"https:\/\/sindicatos.cgtp.pt\/uniao-santarem\/wp-json\/wp\/v2\/media?parent=657"}],"wp:term":[{"taxonomy":"category","embeddable":true,"href":"https:\/\/sindicatos.cgtp.pt\/uniao-santarem\/wp-json\/wp\/v2\/categories?post=657"},{"taxonomy":"post_tag","embeddable":true,"href":"https:\/\/sindicatos.cgtp.pt\/uniao-santarem\/wp-json\/wp\/v2\/tags?post=657"}],"curies":[{"name":"wp","href":"https:\/\/api.w.org\/{rel}","templated":true}]}}