{"id":738,"date":"2014-01-16T11:52:48","date_gmt":"2014-01-16T11:52:48","guid":{"rendered":"http:\/\/sindicatos.cgtp.pt\/uniao-santarem\/?p=738"},"modified":"2014-01-16T11:52:48","modified_gmt":"2014-01-16T11:52:48","slug":"vitoria-na-renoldy-pelo-direito-a-greve","status":"publish","type":"post","link":"https:\/\/sindicatos.cgtp.pt\/uniao-santarem\/2014\/01\/16\/vitoria-na-renoldy-pelo-direito-a-greve\/","title":{"rendered":"Vit\u00f3ria na Renoldy pelo direito \u00e0 Greve"},"content":{"rendered":"<p>No passado dia 27 de Junho de 2013, dia de Greve Geral, a ger\u00eancia da Renoldy em Alpiar\u00e7a, tomou a decis\u00e3o de substituir os trabalhadores em greve.<\/p>\n<p><!--more--><\/p>\n<p>Tal atitude para al\u00e9m de consubstanciar crime \u00e9 uma grave viola\u00e7\u00e3o dos mais elementares direitos democr\u00e1ticos conquistados com a Revolu\u00e7\u00e3o de Abril que este ano comemora os seus 40 anos.<\/p>\n<p>Pelo que foi afirmado anteriormente e por esta situa\u00e7\u00e3o prejudicar aqueles que decidiram abdicar de um dia do seu sal\u00e1rio ao fazerem greve para que seja poss\u00edvel um Portugal melhor, a USS\/CGTP-IN avan\u00e7ou com uma den\u00fancia \u00e0 ACT e solicitou que actuasse em conformidade.<\/p>\n<p>Como resultado da interven\u00e7\u00e3o da ACT, a ger\u00eancia da Renoldy foi autuada e o processo foi enviado para o Minist\u00e9rio P\u00fablico. Foi ainda advertida a ger\u00eancia para que facultasse forma\u00e7\u00e3o profissional aos trabalhadores e para que convertesse um contrato a termo para vinculo efectivo.<\/p>\n<p>A USS\/CGTP-IN considera antes demais que esta decis\u00e3o da ACT deve servir como advert\u00eancia para a ger\u00eancia da Renoldy e que tenha como efeito que essa ger\u00eancia em greves futuras que pondere o seu comportamento, mas considera tamb\u00e9m e sobretudo que esta \u00e9 uma vit\u00f3ria dos trabalhadores da Renoldy na defesa de direitos seus t\u00e3o elementares como o direito \u00e0 Greve e por isso sa\u00fada os trabalhadores da Renoldy.<\/p>\n<p>Por fim, apela a USS\/CGTP-IN aos trabalhadores da Renoldy que tamb\u00e9m eles voltem a ser exemplo e que no dia\u00a0 1 de Fevereiro, dia nacional de luta, participem na manifesta\u00e7\u00e3o promovida pela CGTP-In contra a politica de explora\u00e7\u00e3o e empobrecimento e que vai ocorrer na cidade de Santar\u00e9m a partir das 15h.<\/p>\n<p><strong>Este \u00e9 mais um exemplo de que quando se luta nem sempre se ganha, mas quando n\u00e3o se luta perde-se sempre!<\/strong><\/p>\n<p>&nbsp;<\/p>\n","protected":false},"excerpt":{"rendered":"<p>No passado dia 27 de Junho de 2013, dia de Greve Geral, a ger\u00eancia da Renoldy em Alpiar\u00e7a, tomou a decis\u00e3o de substituir os trabalhadores em greve.<\/p>\n","protected":false},"author":30,"featured_media":739,"comment_status":"open","ping_status":"open","sticky":false,"template":"","format":"standard","meta":{"footnotes":""},"categories":[2,1],"tags":[],"class_list":["post-738","post","type-post","status-publish","format-standard","has-post-thumbnail","hentry","category-destaques","category-noticias"],"_links":{"self":[{"href":"https:\/\/sindicatos.cgtp.pt\/uniao-santarem\/wp-json\/wp\/v2\/posts\/738","targetHints":{"allow":["GET"]}}],"collection":[{"href":"https:\/\/sindicatos.cgtp.pt\/uniao-santarem\/wp-json\/wp\/v2\/posts"}],"about":[{"href":"https:\/\/sindicatos.cgtp.pt\/uniao-santarem\/wp-json\/wp\/v2\/types\/post"}],"author":[{"embeddable":true,"href":"https:\/\/sindicatos.cgtp.pt\/uniao-santarem\/wp-json\/wp\/v2\/users\/30"}],"replies":[{"embeddable":true,"href":"https:\/\/sindicatos.cgtp.pt\/uniao-santarem\/wp-json\/wp\/v2\/comments?post=738"}],"version-history":[{"count":2,"href":"https:\/\/sindicatos.cgtp.pt\/uniao-santarem\/wp-json\/wp\/v2\/posts\/738\/revisions"}],"predecessor-version":[{"id":741,"href":"https:\/\/sindicatos.cgtp.pt\/uniao-santarem\/wp-json\/wp\/v2\/posts\/738\/revisions\/741"}],"wp:featuredmedia":[{"embeddable":true,"href":"https:\/\/sindicatos.cgtp.pt\/uniao-santarem\/wp-json\/wp\/v2\/media\/739"}],"wp:attachment":[{"href":"https:\/\/sindicatos.cgtp.pt\/uniao-santarem\/wp-json\/wp\/v2\/media?parent=738"}],"wp:term":[{"taxonomy":"category","embeddable":true,"href":"https:\/\/sindicatos.cgtp.pt\/uniao-santarem\/wp-json\/wp\/v2\/categories?post=738"},{"taxonomy":"post_tag","embeddable":true,"href":"https:\/\/sindicatos.cgtp.pt\/uniao-santarem\/wp-json\/wp\/v2\/tags?post=738"}],"curies":[{"name":"wp","href":"https:\/\/api.w.org\/{rel}","templated":true}]}}