{"id":746,"date":"2014-01-20T11:56:27","date_gmt":"2014-01-20T11:56:27","guid":{"rendered":"http:\/\/sindicatos.cgtp.pt\/uniao-santarem\/?p=746"},"modified":"2014-02-03T15:05:16","modified_gmt":"2014-02-03T15:05:16","slug":"dia-nacional-de-luta-1-fevereiro","status":"publish","type":"post","link":"https:\/\/sindicatos.cgtp.pt\/uniao-santarem\/2014\/01\/20\/dia-nacional-de-luta-1-fevereiro\/","title":{"rendered":"Dia Nacional de luta! 1 FEVEREIRO"},"content":{"rendered":"<p style=\"text-align: left\" align=\"center\">A CGTP marcou para 1 de fevereiro um Dia Nacional de\u00a0 Luta, que incluir\u00e1 manifesta\u00e7\u00f5es e concentra\u00e7\u00f5es em todos os distritos\u00a0 do pa\u00eds, em protesto contra as pol\u00edticas econ\u00f3micas e sociais do\u00a0 Governo.<\/p>\n<p style=\"text-align: left\" align=\"center\">A Uni\u00e3o dos sindicatos de Santar\u00e9m tem uma iniciativa marcada para esse dia nesse ambito&#8230;<\/p>\n<p align=\"center\"><!--more--><\/p>\n<p align=\"center\">\u00a0<b>Manifesta\u00e7\u00e3o em Santar\u00e9m- 15h- Seguran\u00e7a Social Largo\u00a0\u00a0\u00a0\u00a0\u00a0\u00a0\u00a0\u00a0\u00a0\u00a0\u00a0 C\u00e2ndido dos Reis<\/b><\/p>\n<p align=\"center\"><b><span style=\"text-decoration: underline\">autocarros<\/span><\/b><\/p>\n<ul>\n<li>Mouriscas- 13.30h<\/li>\n<li>Alfarrede- 13.40h<\/li>\n<li>Rossio (rotunda) &#8211; 13.50h<\/li>\n<li>S. Miguel do Rio Torto- 14h<\/li>\n<li>Tramagal (sede do sindicato)- 14.10h<\/li>\n<li>Chamusca (junto \u00e0 CGD)- 14.30h<\/li>\n<li>Vale Cavalos (caf\u00e9 Condenso)- 14.40h<\/li>\n<\/ul>\n<p><span style=\"text-decoration: underline\"><strong>\u00a0\u00a0contato para inscri\u00e7\u00f5es: USS &#8211;\u00a0243 309 670<\/strong><\/span><\/p>\n","protected":false},"excerpt":{"rendered":"<p>A CGTP marcou para 1 de fevereiro um Dia Nacional de\u00a0 Luta, que incluir\u00e1 manifesta\u00e7\u00f5es e concentra\u00e7\u00f5es em todos os distritos\u00a0 do pa\u00eds, em protesto contra as pol\u00edticas econ\u00f3micas e sociais do\u00a0 Governo. A Uni\u00e3o dos sindicatos de Santar\u00e9m tem uma iniciativa marcada para esse<\/p>\n","protected":false},"author":32,"featured_media":745,"comment_status":"open","ping_status":"open","sticky":false,"template":"","format":"standard","meta":{"footnotes":""},"categories":[4,1],"tags":[],"class_list":["post-746","post","type-post","status-publish","format-standard","has-post-thumbnail","hentry","category-accao-sindical","category-noticias"],"_links":{"self":[{"href":"https:\/\/sindicatos.cgtp.pt\/uniao-santarem\/wp-json\/wp\/v2\/posts\/746","targetHints":{"allow":["GET"]}}],"collection":[{"href":"https:\/\/sindicatos.cgtp.pt\/uniao-santarem\/wp-json\/wp\/v2\/posts"}],"about":[{"href":"https:\/\/sindicatos.cgtp.pt\/uniao-santarem\/wp-json\/wp\/v2\/types\/post"}],"author":[{"embeddable":true,"href":"https:\/\/sindicatos.cgtp.pt\/uniao-santarem\/wp-json\/wp\/v2\/users\/32"}],"replies":[{"embeddable":true,"href":"https:\/\/sindicatos.cgtp.pt\/uniao-santarem\/wp-json\/wp\/v2\/comments?post=746"}],"version-history":[{"count":10,"href":"https:\/\/sindicatos.cgtp.pt\/uniao-santarem\/wp-json\/wp\/v2\/posts\/746\/revisions"}],"predecessor-version":[{"id":757,"href":"https:\/\/sindicatos.cgtp.pt\/uniao-santarem\/wp-json\/wp\/v2\/posts\/746\/revisions\/757"}],"wp:featuredmedia":[{"embeddable":true,"href":"https:\/\/sindicatos.cgtp.pt\/uniao-santarem\/wp-json\/wp\/v2\/media\/745"}],"wp:attachment":[{"href":"https:\/\/sindicatos.cgtp.pt\/uniao-santarem\/wp-json\/wp\/v2\/media?parent=746"}],"wp:term":[{"taxonomy":"category","embeddable":true,"href":"https:\/\/sindicatos.cgtp.pt\/uniao-santarem\/wp-json\/wp\/v2\/categories?post=746"},{"taxonomy":"post_tag","embeddable":true,"href":"https:\/\/sindicatos.cgtp.pt\/uniao-santarem\/wp-json\/wp\/v2\/tags?post=746"}],"curies":[{"name":"wp","href":"https:\/\/api.w.org\/{rel}","templated":true}]}}