{"id":794,"date":"2014-03-06T22:34:04","date_gmt":"2014-03-06T22:34:04","guid":{"rendered":"http:\/\/sindicatos.cgtp.pt\/uniao-santarem\/?p=794"},"modified":"2014-03-06T22:34:04","modified_gmt":"2014-03-06T22:34:04","slug":"marcha-para-s-bento-27-fevereiro","status":"publish","type":"post","link":"https:\/\/sindicatos.cgtp.pt\/uniao-santarem\/2014\/03\/06\/marcha-para-s-bento-27-fevereiro\/","title":{"rendered":"Marcha para S. Bento 27 Fevereiro"},"content":{"rendered":"<p>No passado dia 27 de Fevereiro o distrito de Santar\u00e9m tamb\u00e9m esteve representado na Marcha para S. Bento.<!--more-->A Marcha que contou com centenas de trabalhadores, partiu do Minist\u00e9rio da Ec\u00f3nomia na Pra\u00e7a de Londres e percorreu ao centro de Lisboa at\u00e9 chegar ao Pal\u00e1cio de S. Bento.<\/p>\n<p>Esta iniciativa da CGTP-IN foi a demostra\u00e7\u00e3o viva que n\u00e3o existe qualquer recupera\u00e7\u00e3o econ\u00f3mica e que o propagandiado milagre econ\u00f3mico n\u00e3o \u00e9 mais que uma ilus\u00e3o que os trabalhadores e reformados n\u00e3o sentem no dia-a- dia.<\/p>\n<p>A Marcha foi ainda uma demonstra\u00e7\u00e3o que mesmo em dias de semana,fora dos hor\u00e1rios convencionais os trabalhadores portugueses est\u00e3o disponiveis para continuar a lutar po um Portugal com futuro.<\/p>\n<p>&nbsp;<\/p>\n","protected":false},"excerpt":{"rendered":"<p>No passado dia 27 de Fevereiro o distrito de Santar\u00e9m tamb\u00e9m esteve representado na Marcha para S. Bento.<\/p>\n","protected":false},"author":30,"featured_media":795,"comment_status":"open","ping_status":"open","sticky":false,"template":"","format":"standard","meta":{"footnotes":""},"categories":[2,1],"tags":[],"class_list":["post-794","post","type-post","status-publish","format-standard","has-post-thumbnail","hentry","category-destaques","category-noticias"],"_links":{"self":[{"href":"https:\/\/sindicatos.cgtp.pt\/uniao-santarem\/wp-json\/wp\/v2\/posts\/794","targetHints":{"allow":["GET"]}}],"collection":[{"href":"https:\/\/sindicatos.cgtp.pt\/uniao-santarem\/wp-json\/wp\/v2\/posts"}],"about":[{"href":"https:\/\/sindicatos.cgtp.pt\/uniao-santarem\/wp-json\/wp\/v2\/types\/post"}],"author":[{"embeddable":true,"href":"https:\/\/sindicatos.cgtp.pt\/uniao-santarem\/wp-json\/wp\/v2\/users\/30"}],"replies":[{"embeddable":true,"href":"https:\/\/sindicatos.cgtp.pt\/uniao-santarem\/wp-json\/wp\/v2\/comments?post=794"}],"version-history":[{"count":1,"href":"https:\/\/sindicatos.cgtp.pt\/uniao-santarem\/wp-json\/wp\/v2\/posts\/794\/revisions"}],"predecessor-version":[{"id":796,"href":"https:\/\/sindicatos.cgtp.pt\/uniao-santarem\/wp-json\/wp\/v2\/posts\/794\/revisions\/796"}],"wp:featuredmedia":[{"embeddable":true,"href":"https:\/\/sindicatos.cgtp.pt\/uniao-santarem\/wp-json\/wp\/v2\/media\/795"}],"wp:attachment":[{"href":"https:\/\/sindicatos.cgtp.pt\/uniao-santarem\/wp-json\/wp\/v2\/media?parent=794"}],"wp:term":[{"taxonomy":"category","embeddable":true,"href":"https:\/\/sindicatos.cgtp.pt\/uniao-santarem\/wp-json\/wp\/v2\/categories?post=794"},{"taxonomy":"post_tag","embeddable":true,"href":"https:\/\/sindicatos.cgtp.pt\/uniao-santarem\/wp-json\/wp\/v2\/tags?post=794"}],"curies":[{"name":"wp","href":"https:\/\/api.w.org\/{rel}","templated":true}]}}