{"id":934,"date":"2014-06-12T11:01:00","date_gmt":"2014-06-12T11:01:00","guid":{"rendered":"http:\/\/sindicatos.cgtp.pt\/uniao-santarem\/?p=934"},"modified":"2014-06-12T11:01:39","modified_gmt":"2014-06-12T11:01:39","slug":"greve-nos-centro-de-destribuicao-dos-ctt-em-santarem","status":"publish","type":"post","link":"https:\/\/sindicatos.cgtp.pt\/uniao-santarem\/2014\/06\/12\/greve-nos-centro-de-destribuicao-dos-ctt-em-santarem\/","title":{"rendered":"Greve nos Centro de Destribui\u00e7\u00e3o dos CTT em Santar\u00e9m"},"content":{"rendered":"<p style=\"text-align: justify\">Hoje e amanha os carteiros do concelho de Santar\u00e9m, Alpiar\u00e7a e Almeirim estar\u00e3o em greve.<!--more--><\/p>\n<p style=\"text-align: justify\">A greve que teve inicio, hoje dia 12 de Junho, foi convocada pelo SNTCT como forma de luta e de alerta da popula\u00e7\u00e3o para a degrada\u00e7\u00e3o das condi\u00e7\u00f5es de trabalho dos trabalhadores dos CTT mas tamb\u00e9m para os graves problemas que existem na destribui\u00e7\u00e3o postal nos concelhos de Alpiar\u00e7a, Almeirim e Santar\u00e9m.<\/p>\n<p style=\"text-align: justify\"><a href=\"https:\/\/sindicatos.cgtp.pt\/uniao-santarem\/wp-content\/blogs.dir\/37\/files\/sites\/37\/2014\/06\/SAM_0330.jpg\"><img loading=\"lazy\" decoding=\"async\" class=\"alignright size-medium wp-image-936\" alt=\"SAM_0330\" src=\"https:\/\/sindicatos.cgtp.pt\/uniao-santarem\/wp-content\/blogs.dir\/37\/files\/sites\/37\/2014\/06\/SAM_0330-240x180.jpg\" width=\"218\" height=\"162\" \/><\/a>Muitas vezes registam-se grandes atrasos na entrega da correspond\u00eancia e os utentes n\u00e3o t\u00eam a consci\u00eancia do porqu\u00ea de tais atrasos. No entanto a culpa n\u00e3o \u00e9 dos carteiros que se v\u00eaem com pouco pessoal para o correio que existe, com diminutas condi\u00e7\u00f5es materiais e com altera\u00e7\u00f5es e redu\u00e7\u00f5es constantes de giros. Um exemplo \u00e9 o concelho de Santar\u00e9m que j\u00e1 teve 50 giros e de momento s\u00f3 tem 25 giros, no entanto a correspond\u00eancia por sua vez n\u00e3o reduziu para metade.<\/p>\n<p style=\"text-align: justify\">Os carteiros em luta, estiveram concentrados junto ao posto dos CTT de Santar\u00e9m e deslocaram-se at\u00e9 \u00e0s C\u00e2mara Municipais de Santar\u00e9m, Alpiar\u00e7a e Almeirim para apelarem aos autarcas que se solidarizem com a sua luta que \u00e9 tamb\u00e9m uma luta que disz respeito \u00e0s popula\u00e7\u00f5es.<\/p>\n<p>&nbsp;<\/p>\n","protected":false},"excerpt":{"rendered":"<p>Hoje e amanha os carteiros do concelho de Santar\u00e9m, Alpiar\u00e7a e Almeirim estar\u00e3o em greve.<\/p>\n","protected":false},"author":30,"featured_media":935,"comment_status":"open","ping_status":"open","sticky":false,"template":"","format":"standard","meta":{"footnotes":""},"categories":[2,1],"tags":[],"class_list":["post-934","post","type-post","status-publish","format-standard","has-post-thumbnail","hentry","category-destaques","category-noticias"],"_links":{"self":[{"href":"https:\/\/sindicatos.cgtp.pt\/uniao-santarem\/wp-json\/wp\/v2\/posts\/934","targetHints":{"allow":["GET"]}}],"collection":[{"href":"https:\/\/sindicatos.cgtp.pt\/uniao-santarem\/wp-json\/wp\/v2\/posts"}],"about":[{"href":"https:\/\/sindicatos.cgtp.pt\/uniao-santarem\/wp-json\/wp\/v2\/types\/post"}],"author":[{"embeddable":true,"href":"https:\/\/sindicatos.cgtp.pt\/uniao-santarem\/wp-json\/wp\/v2\/users\/30"}],"replies":[{"embeddable":true,"href":"https:\/\/sindicatos.cgtp.pt\/uniao-santarem\/wp-json\/wp\/v2\/comments?post=934"}],"version-history":[{"count":2,"href":"https:\/\/sindicatos.cgtp.pt\/uniao-santarem\/wp-json\/wp\/v2\/posts\/934\/revisions"}],"predecessor-version":[{"id":938,"href":"https:\/\/sindicatos.cgtp.pt\/uniao-santarem\/wp-json\/wp\/v2\/posts\/934\/revisions\/938"}],"wp:featuredmedia":[{"embeddable":true,"href":"https:\/\/sindicatos.cgtp.pt\/uniao-santarem\/wp-json\/wp\/v2\/media\/935"}],"wp:attachment":[{"href":"https:\/\/sindicatos.cgtp.pt\/uniao-santarem\/wp-json\/wp\/v2\/media?parent=934"}],"wp:term":[{"taxonomy":"category","embeddable":true,"href":"https:\/\/sindicatos.cgtp.pt\/uniao-santarem\/wp-json\/wp\/v2\/categories?post=934"},{"taxonomy":"post_tag","embeddable":true,"href":"https:\/\/sindicatos.cgtp.pt\/uniao-santarem\/wp-json\/wp\/v2\/tags?post=934"}],"curies":[{"name":"wp","href":"https:\/\/api.w.org\/{rel}","templated":true}]}}