{"id":939,"date":"2014-06-12T11:20:50","date_gmt":"2014-06-12T11:20:50","guid":{"rendered":"http:\/\/sindicatos.cgtp.pt\/uniao-santarem\/?p=939"},"modified":"2014-06-12T11:22:11","modified_gmt":"2014-06-12T11:22:11","slug":"greve-no-sector-dos-trasportes-colectivos-de-passageiros","status":"publish","type":"post","link":"https:\/\/sindicatos.cgtp.pt\/uniao-santarem\/2014\/06\/12\/greve-no-sector-dos-trasportes-colectivos-de-passageiros\/","title":{"rendered":"Greve dos Trasportes Colectivos de Passageiros"},"content":{"rendered":"<p style=\"margin-left: 30px;text-align: justify\">Hoje, dia 12 de Junho os trabalhadores do sector privado dos transportes colectivos\u00a0 encontram-se em greve de 24h pela defesa das suas condi\u00e7\u00f5es de trabalho.<\/p>\n<p style=\"margin-left: 30px;text-align: justify\"><!--more--><span style=\"font-family: arial,helvetica,sans-serif;font-size: 12pt\">Com o aumento do hor\u00e1rio de trabalho, decorrente da implementa\u00e7\u00e3o do tempo de disponibilidade, os trabalhadores deste sector vieram a sofrer como consequ\u00eancia uma redu\u00e7\u00e3o de sal\u00e1rio para a esmagadora maioria, como se pode verificar pelos boletins de vencimento, nas empresas onde esta medida j\u00e1 est\u00e1 a ser implementada.<\/span><\/p>\n<p style=\"margin-left: 30px\"><span style=\"font-family: arial,helvetica,sans-serif;font-size: 12pt\"> Esta \u00e9 uma ofensiva contra a contrata\u00e7\u00e3o coletiva, livremente negociada, que \u00e9 acompanhada de uma escalada repressiva na forma de centenas de processos disciplinares.<\/span><\/p>\n<p style=\"margin-left: 30px;text-align: justify\">Posi\u00e7\u00e3o inaceit\u00e1vel por parte do patronato, acrescida do facto de ainda n\u00e3o terem dado cumrimento ao acord\u00e3o do Tribubal Constitucional relativo ao descanso compensat\u00f3rio.<\/p>\n<p style=\"margin-left: 30px;text-align: justify\">Assim a greve convocada pela FECTRANS e as concentra\u00e7\u00f5es a realizar tamb\u00e9m hoje em Lisboa e Porto, s\u00e3o a prova do descontentamento dos trabalhadores para com as injusti\u00e7as de que est\u00e3o a ser alvos.<\/p>\n<p style=\"text-align: justify\">\n","protected":false},"excerpt":{"rendered":"<p>Hoje, dia 12 de Junho os trabalhadores do sector privado dos transportes colectivos\u00a0 encontram-se em greve de 24h pela defesa das suas condi\u00e7\u00f5es de trabalho.<\/p>\n","protected":false},"author":30,"featured_media":940,"comment_status":"open","ping_status":"open","sticky":false,"template":"","format":"standard","meta":{"footnotes":""},"categories":[2,1],"tags":[],"class_list":["post-939","post","type-post","status-publish","format-standard","has-post-thumbnail","hentry","category-destaques","category-noticias"],"_links":{"self":[{"href":"https:\/\/sindicatos.cgtp.pt\/uniao-santarem\/wp-json\/wp\/v2\/posts\/939","targetHints":{"allow":["GET"]}}],"collection":[{"href":"https:\/\/sindicatos.cgtp.pt\/uniao-santarem\/wp-json\/wp\/v2\/posts"}],"about":[{"href":"https:\/\/sindicatos.cgtp.pt\/uniao-santarem\/wp-json\/wp\/v2\/types\/post"}],"author":[{"embeddable":true,"href":"https:\/\/sindicatos.cgtp.pt\/uniao-santarem\/wp-json\/wp\/v2\/users\/30"}],"replies":[{"embeddable":true,"href":"https:\/\/sindicatos.cgtp.pt\/uniao-santarem\/wp-json\/wp\/v2\/comments?post=939"}],"version-history":[{"count":2,"href":"https:\/\/sindicatos.cgtp.pt\/uniao-santarem\/wp-json\/wp\/v2\/posts\/939\/revisions"}],"predecessor-version":[{"id":942,"href":"https:\/\/sindicatos.cgtp.pt\/uniao-santarem\/wp-json\/wp\/v2\/posts\/939\/revisions\/942"}],"wp:featuredmedia":[{"embeddable":true,"href":"https:\/\/sindicatos.cgtp.pt\/uniao-santarem\/wp-json\/wp\/v2\/media\/940"}],"wp:attachment":[{"href":"https:\/\/sindicatos.cgtp.pt\/uniao-santarem\/wp-json\/wp\/v2\/media?parent=939"}],"wp:term":[{"taxonomy":"category","embeddable":true,"href":"https:\/\/sindicatos.cgtp.pt\/uniao-santarem\/wp-json\/wp\/v2\/categories?post=939"},{"taxonomy":"post_tag","embeddable":true,"href":"https:\/\/sindicatos.cgtp.pt\/uniao-santarem\/wp-json\/wp\/v2\/tags?post=939"}],"curies":[{"name":"wp","href":"https:\/\/api.w.org\/{rel}","templated":true}]}}