{"id":944,"date":"2014-06-23T13:06:30","date_gmt":"2014-06-23T13:06:30","guid":{"rendered":"http:\/\/sindicatos.cgtp.pt\/uniao-santarem\/?p=944"},"modified":"2014-06-23T13:15:54","modified_gmt":"2014-06-23T13:15:54","slug":"e-hora-de-lutar-pela-saude-no-distrito-de-santarem","status":"publish","type":"post","link":"https:\/\/sindicatos.cgtp.pt\/uniao-santarem\/2014\/06\/23\/e-hora-de-lutar-pela-saude-no-distrito-de-santarem\/","title":{"rendered":"\u00c9 hora de lutar pela sa\u00fade no Distrito de Santar\u00e9m"},"content":{"rendered":"<p>A Uni\u00e3o dos Sindicatos de Santar\u00e9m aderiu \u00e0s ac\u00e7\u00f5es de protesto convocadas pelo MUSP para o pr\u00f3ximo dia 27 de Junho, \u00e0s 18h em frente aos quatro hospitais do distrito.<!--more--><\/p>\n<p>Para mais informa\u00e7\u00f5es:\u00a0\u00a0\u00a0<a title=\"AQUI.\" href=\"http:\/\/issuu.com\/ruialdeano\/docs\/documento_saude_27_junho\/0\" target=\"_blank\">\u00a0 http:\/\/issuu.com\/ruialdeano\/docs\/documento_saude_27_junho\/0<\/a><\/p>\n<p>A responsabilidade por manter servi\u00e7os de sa\u00fade no distrito \u00e9 de todos n\u00f3s, desde os profissionais de sa\u00fade aos utentes.<\/p>\n<p><strong><span style=\"color: #339966\">A hora \u00e9 de ir \u00e0 luta. A hora \u00e9 de defender o Serv\u00e7o Nacional de Sa\u00fade, postos de trabalho e condi\u00e7\u00f5es de trabalho.<\/span><\/strong><\/p>\n","protected":false},"excerpt":{"rendered":"<p>A Uni\u00e3o dos Sindicatos de Santar\u00e9m aderiu \u00e0s ac\u00e7\u00f5es de protesto convocadas pelo MUSP para o pr\u00f3ximo dia 27 de Junho, \u00e0s 18h em frente aos quatro hospitais do distrito.<\/p>\n","protected":false},"author":30,"featured_media":945,"comment_status":"open","ping_status":"open","sticky":false,"template":"","format":"standard","meta":{"footnotes":""},"categories":[2,1],"tags":[],"class_list":["post-944","post","type-post","status-publish","format-standard","has-post-thumbnail","hentry","category-destaques","category-noticias"],"_links":{"self":[{"href":"https:\/\/sindicatos.cgtp.pt\/uniao-santarem\/wp-json\/wp\/v2\/posts\/944","targetHints":{"allow":["GET"]}}],"collection":[{"href":"https:\/\/sindicatos.cgtp.pt\/uniao-santarem\/wp-json\/wp\/v2\/posts"}],"about":[{"href":"https:\/\/sindicatos.cgtp.pt\/uniao-santarem\/wp-json\/wp\/v2\/types\/post"}],"author":[{"embeddable":true,"href":"https:\/\/sindicatos.cgtp.pt\/uniao-santarem\/wp-json\/wp\/v2\/users\/30"}],"replies":[{"embeddable":true,"href":"https:\/\/sindicatos.cgtp.pt\/uniao-santarem\/wp-json\/wp\/v2\/comments?post=944"}],"version-history":[{"count":3,"href":"https:\/\/sindicatos.cgtp.pt\/uniao-santarem\/wp-json\/wp\/v2\/posts\/944\/revisions"}],"predecessor-version":[{"id":948,"href":"https:\/\/sindicatos.cgtp.pt\/uniao-santarem\/wp-json\/wp\/v2\/posts\/944\/revisions\/948"}],"wp:featuredmedia":[{"embeddable":true,"href":"https:\/\/sindicatos.cgtp.pt\/uniao-santarem\/wp-json\/wp\/v2\/media\/945"}],"wp:attachment":[{"href":"https:\/\/sindicatos.cgtp.pt\/uniao-santarem\/wp-json\/wp\/v2\/media?parent=944"}],"wp:term":[{"taxonomy":"category","embeddable":true,"href":"https:\/\/sindicatos.cgtp.pt\/uniao-santarem\/wp-json\/wp\/v2\/categories?post=944"},{"taxonomy":"post_tag","embeddable":true,"href":"https:\/\/sindicatos.cgtp.pt\/uniao-santarem\/wp-json\/wp\/v2\/tags?post=944"}],"curies":[{"name":"wp","href":"https:\/\/api.w.org\/{rel}","templated":true}]}}